{"id":77196,"date":"2024-07-29T14:22:35","date_gmt":"2024-07-29T14:22:35","guid":{"rendered":"https:\/\/www.joma-sport.com\/blog\/?p=77196"},"modified":"2024-07-29T14:30:11","modified_gmt":"2024-07-29T14:30:11","slug":"el-judoca-fran-garrigos-inaugura-el-medallero-espanol-luciendo-el-chandal-sostenible-de-la-coleccion-podium","status":"publish","type":"post","link":"https:\/\/www.joma-sport.com\/blog\/el-judoca-fran-garrigos-inaugura-el-medallero-espanol-luciendo-el-chandal-sostenible-de-la-coleccion-podium\/","title":{"rendered":"El judoca Fran Garrig\u00f3s inaugura el medallero espa\u00f1ol luciendo el ch\u00e1ndal sostenible de la colecci\u00f3n Podium"},"content":{"rendered":"\t\t<div data-elementor-type=\"wp-post\" data-elementor-id=\"77196\" class=\"elementor elementor-77196\">\n\t\t\t\t\t\t<section class=\"elementor-section elementor-top-section elementor-element elementor-element-3b97bf6 elementor-section-boxed elementor-section-height-default elementor-section-height-default\" data-id=\"3b97bf6\" data-element_type=\"section\">\n\t\t\t\t\t\t<div class=\"elementor-container elementor-column-gap-default\">\n\t\t\t\t\t<div class=\"elementor-column elementor-col-100 elementor-top-column elementor-element elementor-element-7c0f249\" data-id=\"7c0f249\" data-element_type=\"column\">\n\t\t\t<div class=\"elementor-widget-wrap elementor-element-populated\">\n\t\t\t\t\t\t<div class=\"elementor-element elementor-element-4016fc9 elementor-widget elementor-widget-text-editor\" data-id=\"4016fc9\" data-element_type=\"widget\" data-widget_type=\"text-editor.default\">\n\t\t\t\t<div class=\"elementor-widget-container\">\n\t\t\t<style>\/*! elementor - v3.23.0 - 05-08-2024 *\/\n.elementor-widget-text-editor.elementor-drop-cap-view-stacked .elementor-drop-cap{background-color:#69727d;color:#fff}.elementor-widget-text-editor.elementor-drop-cap-view-framed .elementor-drop-cap{color:#69727d;border:3px solid;background-color:transparent}.elementor-widget-text-editor:not(.elementor-drop-cap-view-default) .elementor-drop-cap{margin-top:8px}.elementor-widget-text-editor:not(.elementor-drop-cap-view-default) .elementor-drop-cap-letter{width:1em;height:1em}.elementor-widget-text-editor .elementor-drop-cap{float:left;text-align:center;line-height:1;font-size:50px}.elementor-widget-text-editor .elementor-drop-cap-letter{display:inline-block}<\/style>\t\t\t\t<h2>Joma y el Comit\u00e9 Ol\u00edmpico Espa\u00f1ol han apostado por el poli\u00e9ster reciclado para la uniformidad con la que los deportistas espa\u00f1oles recoger\u00e1n sus metales<\/h2><p>El <strong>primer deportista en inaugurar el medallero espa\u00f1ol<\/strong> ha sido Fran Garrig\u00f3s tras colgarse el bronce en judo (categor\u00eda 60 kilos). El vigente campe\u00f3n de Europa ha estrenado la<a href=\"https:\/\/www.joma-sport.com\/es_ES\/equipaciones-oficiales\/comites-y-federaciones\/comite-olimpico-espanol\/?_gl=1*l65ai1*_up*MQ..&amp;gclid=CjwKCAjwl4yyBhAgEiwADSEjeFneIUmu0Zec_3KRPtj411_kswIlizC2GrALOCuNRfT8nuZZQWHDpBoCQPMQAvD_BwE\" target=\"_blank\" rel=\"noopener\"> l\u00ednea de premiaci\u00f3n<\/a> que Joma ha dise\u00f1ado para el Comit\u00e9 Ol\u00edmpico Espa\u00f1ol. El vigente campe\u00f3n de Europa ha conseguido alcanzar la <strong>segunda puntuaci\u00f3n m\u00e1s alta que un luchador puede lograr en este arte marcial<\/strong> ante su contrincante, actual campe\u00f3n del mundo.<\/p><p>Para esta parte de la<a href=\"https:\/\/www.joma-sport.com\/es_ES\/equipaciones-oficiales\/comites-y-federaciones\/comite-olimpico-espanol\/?_gl=1*l65ai1*_up*MQ..&amp;gclid=CjwKCAjwl4yyBhAgEiwADSEjeFneIUmu0Zec_3KRPtj411_kswIlizC2GrALOCuNRfT8nuZZQWHDpBoCQPMQAvD_BwE\" target=\"_blank\" rel=\"noopener\"> colecci\u00f3n del COE<\/a>, se ha desarrollado un dise\u00f1o totalmente innovador, contempor\u00e1neo, siguiendo las tendencias de la moda deportiva actual. Los colores nacionales est\u00e1n plasmados sobre <strong>tejidos de alto rendimiento y, adem\u00e1s sostenibles<\/strong>.<\/p>\t\t\t\t\t\t<\/div>\n\t\t\t\t<\/div>\n\t\t\t\t\t<\/div>\n\t\t<\/div>\n\t\t\t\t\t<\/div>\n\t\t<\/section>\n\t\t\t\t<section class=\"elementor-section elementor-top-section elementor-element elementor-element-dfc8f6c elementor-section-boxed elementor-section-height-default elementor-section-height-default\" data-id=\"dfc8f6c\" data-element_type=\"section\">\n\t\t\t\t\t\t<div class=\"elementor-container elementor-column-gap-default\">\n\t\t\t\t\t<div class=\"elementor-column elementor-col-100 elementor-top-column elementor-element elementor-element-672346d\" data-id=\"672346d\" data-element_type=\"column\">\n\t\t\t<div class=\"elementor-widget-wrap elementor-element-populated\">\n\t\t\t\t\t\t<div class=\"elementor-element elementor-element-f1c436f elementor-widget elementor-widget-text-editor\" data-id=\"f1c436f\" data-element_type=\"widget\" data-widget_type=\"text-editor.default\">\n\t\t\t\t<div class=\"elementor-widget-container\">\n\t\t\t\t\t\t\t<h2>La sostenibilidad como eje central de la equipaci\u00f3n ol\u00edmpica<\/h2><p>El ch\u00e1ndal con el que ha debutado Garrig\u00f3s incorpora un novedoso <em>wrinkled effect<\/em> en las mangas y en la parte trasera, algo que hace que <strong>cada prenda sea \u00fanica<\/strong>.\u00a0 Este efecto 3D crea un juego visual al aplicar <strong>tinte ecol\u00f3gico sin pesticidas en doble color<\/strong>. Al estirar el tejido en aquellas zonas en las que se necesita un extra de libertad de movimiento, el rojo da paso al amarillo. Por otro lado,<strong> se ha fabricado al 100% con poli\u00e9ster reciclado<\/strong> como parte del compromiso de Joma con la <strong>sostenibilidad del planeta<\/strong>. Este material ayuda a <strong>reducir la contaminaci\u00f3n<\/strong> por pl\u00e1sticos de los miles de botellas residuales y a <strong>disminuir la emisi\u00f3n de carbonos a la atm\u00f3sfera<\/strong>.\u00a0<\/p>\t\t\t\t\t\t<\/div>\n\t\t\t\t<\/div>\n\t\t\t\t\t<\/div>\n\t\t<\/div>\n\t\t\t\t\t<\/div>\n\t\t<\/section>\n\t\t\t\t<section class=\"elementor-section elementor-top-section elementor-element elementor-element-ec0191c elementor-section-boxed elementor-section-height-default elementor-section-height-default\" data-id=\"ec0191c\" data-element_type=\"section\">\n\t\t\t\t\t\t<div class=\"elementor-container elementor-column-gap-default\">\n\t\t\t\t\t<div class=\"elementor-column elementor-col-100 elementor-top-column elementor-element elementor-element-aa677de\" data-id=\"aa677de\" data-element_type=\"column\">\n\t\t\t<div class=\"elementor-widget-wrap elementor-element-populated\">\n\t\t\t\t\t\t<div class=\"elementor-element elementor-element-3357d42 elementor-widget elementor-widget-text-editor\" data-id=\"3357d42\" data-element_type=\"widget\" data-widget_type=\"text-editor.default\">\n\t\t\t\t<div class=\"elementor-widget-container\">\n\t\t\t\t\t\t\t<h2>La tecnolog\u00eda m\u00e1s innovadora para brindar la m\u00e1xima calidad a los deportistas<\/h2><p>Se trata de un tejido muy ligero y transpirable, aportando una gran comodidad a los deportistas en un clima c\u00e1lido. El forro interior de rejilla <strong>Micro-Mesh System<\/strong>, junto con las aberturas para la ventilaci\u00f3n del sudor, ayudan a que los deportistas se sientan c\u00f3modos en el clima c\u00e1lido de Par\u00eds. Con respecto al pantal\u00f3n, destaca su corte recto, la <strong>cintura el\u00e1stica ajustable con cord\u00f3n<\/strong> y los tres bolsillos que incluye.<\/p><p>Completan la <a href=\"https:\/\/www.joma-sport.com\/es_ES\/equipaciones-oficiales\/comites-y-federaciones\/comite-olimpico-espanol\/?_gl=1*l65ai1*_up*MQ..&amp;gclid=CjwKCAjwl4yyBhAgEiwADSEjeFneIUmu0Zec_3KRPtj411_kswIlizC2GrALOCuNRfT8nuZZQWHDpBoCQPMQAvD_BwE\" target=\"_blank\" rel=\"noopener\">l\u00ednea Podium<\/a> una <strong>camiseta repleta de detalles t\u00e9cnicos<\/strong>. Por ejemplo, no tiene costuras, sino que todos los cerramientos est\u00e1n hechos con la t\u00e9cnica de termosellado. Se ha cuidado especialmente la temperatura corporal utilizando el tejido <strong>\u201ccool feeling\u201d <\/strong>y el sistema de ventilaci\u00f3n compuesto por troquelados en corte laser que aseguran la transpiraci\u00f3n del sudor. Igualmente, para un momento tan especial como es recoger una medalla ol\u00edmpica, la marca ha versionado su modelo <strong>Storm Viper, <\/strong>famoso por su <strong>gran comodidad <\/strong>y <strong>amortiguaci\u00f3n. <\/strong>Se trata de un dise\u00f1o en blanco, en el que destacan los detalles con los colores nacionales, y que incorpora la \u00faltima tecnolog\u00eda del calzado de running, como el sistema <strong>REACTIVEBALL, <\/strong><strong>STABILIS<\/strong> o <strong>JOMA SPORTECH.<\/strong><\/p><p>En definitiva, la <a href=\"https:\/\/www.joma-sport.com\/es_ES\/equipaciones-oficiales\/comites-y-federaciones\/comite-olimpico-espanol\/?_gl=1*l65ai1*_up*MQ..&amp;gclid=CjwKCAjwl4yyBhAgEiwADSEjeFneIUmu0Zec_3KRPtj411_kswIlizC2GrALOCuNRfT8nuZZQWHDpBoCQPMQAvD_BwE\" target=\"_blank\" rel=\"noopener\">l\u00ednea Podium<\/a> reinventa los colores nacionales y crea un dise\u00f1o cargado de fuerza e identidad. Este es s\u00f3lo el principio de las veces que quedan por ver a nuestros deportistas recoger sus medallas en la cita deportiva m\u00e1s importante de los \u00faltimos cuatro a\u00f1os.<\/p>\t\t\t\t\t\t<\/div>\n\t\t\t\t<\/div>\n\t\t\t\t\t<\/div>\n\t\t<\/div>\n\t\t\t\t\t<\/div>\n\t\t<\/section>\n\t\t\t\t<\/div>\n\t\t","protected":false},"excerpt":{"rendered":"<p>Joma y el Comit\u00e9 Ol\u00edmpico Espa\u00f1ol han apostado por el poli\u00e9ster reciclado para la uniformidad con la que los deportistas [&hellip;]<\/p>\n","protected":false},"author":4,"featured_media":77197,"comment_status":"closed","ping_status":"closed","sticky":false,"template":"","format":"standard","meta":[],"categories":[1],"tags":[],"yoast_head":"<!-- This site is optimized with the Yoast SEO plugin v21.1 - https:\/\/yoast.com\/wordpress\/plugins\/seo\/ -->\n<title>El judoca Fran Garrig\u00f3s inaugura el medallero espa\u00f1ol luciendo el ch\u00e1ndal sostenible de la colecci\u00f3n Podium - Joma World<\/title>\n<meta name=\"description\" content=\"El vigente campe\u00f3n de Europa ha estrenado la l\u00ednea de premiaci\u00f3n que Joma ha dise\u00f1ado para el Comit\u00e9 Ol\u00edmpico Espa\u00f1ol.\" \/>\n<meta name=\"robots\" content=\"index, follow, max-snippet:-1, max-image-preview:large, max-video-preview:-1\" \/>\n<link rel=\"canonical\" href=\"https:\/\/www.joma-sport.com\/blog\/el-judoca-fran-garrigos-inaugura-el-medallero-espanol-luciendo-el-chandal-sostenible-de-la-coleccion-podium\/\" \/>\n<meta property=\"og:locale\" content=\"es_ES\" \/>\n<meta property=\"og:type\" content=\"article\" \/>\n<meta property=\"og:title\" content=\"El judoca Fran Garrig\u00f3s inaugura el medallero espa\u00f1ol luciendo el ch\u00e1ndal sostenible de la colecci\u00f3n Podium - Joma World\" \/>\n<meta property=\"og:description\" content=\"El vigente campe\u00f3n de Europa ha estrenado la l\u00ednea de premiaci\u00f3n que Joma ha dise\u00f1ado para el Comit\u00e9 Ol\u00edmpico Espa\u00f1ol.\" \/>\n<meta property=\"og:url\" content=\"https:\/\/www.joma-sport.com\/blog\/el-judoca-fran-garrigos-inaugura-el-medallero-espanol-luciendo-el-chandal-sostenible-de-la-coleccion-podium\/\" \/>\n<meta property=\"og:site_name\" content=\"Joma World\" \/>\n<meta property=\"article:published_time\" content=\"2024-07-29T14:22:35+00:00\" \/>\n<meta property=\"article:modified_time\" content=\"2024-07-29T14:30:11+00:00\" \/>\n<meta property=\"og:image\" content=\"https:\/\/www.joma-sport.com\/blog\/wp-content\/uploads\/2024\/07\/noticia-web-podio-jjoo-1.jpg\" \/>\n\t<meta property=\"og:image:width\" content=\"696\" \/>\n\t<meta property=\"og:image:height\" content=\"518\" \/>\n\t<meta property=\"og:image:type\" content=\"image\/jpeg\" \/>\n<meta name=\"author\" content=\"Joma Sport\" \/>\n<meta name=\"twitter:card\" content=\"summary_large_image\" \/>\n<meta name=\"twitter:label1\" content=\"Escrito por\" \/>\n\t<meta name=\"twitter:data1\" content=\"Joma Sport\" \/>\n\t<meta name=\"twitter:label2\" content=\"Tiempo de lectura\" \/>\n\t<meta name=\"twitter:data2\" content=\"3 minutos\" \/>\n<script type=\"application\/ld+json\" class=\"yoast-schema-graph\">{\"@context\":\"https:\/\/schema.org\",\"@graph\":[{\"@type\":\"WebPage\",\"@id\":\"https:\/\/www.joma-sport.com\/blog\/el-judoca-fran-garrigos-inaugura-el-medallero-espanol-luciendo-el-chandal-sostenible-de-la-coleccion-podium\/\",\"url\":\"https:\/\/www.joma-sport.com\/blog\/el-judoca-fran-garrigos-inaugura-el-medallero-espanol-luciendo-el-chandal-sostenible-de-la-coleccion-podium\/\",\"name\":\"El judoca Fran Garrig\u00f3s inaugura el medallero espa\u00f1ol luciendo el ch\u00e1ndal sostenible de la colecci\u00f3n Podium - Joma World\",\"isPartOf\":{\"@id\":\"https:\/\/www.joma-sport.com\/blog\/#website\"},\"datePublished\":\"2024-07-29T14:22:35+00:00\",\"dateModified\":\"2024-07-29T14:30:11+00:00\",\"author\":{\"@id\":\"https:\/\/www.joma-sport.com\/blog\/#\/schema\/person\/28474f1efd78b4b9d5c640bf789ad90c\"},\"description\":\"El vigente campe\u00f3n de Europa ha estrenado la l\u00ednea de premiaci\u00f3n que Joma ha dise\u00f1ado para el Comit\u00e9 Ol\u00edmpico Espa\u00f1ol.\",\"inLanguage\":\"es\",\"potentialAction\":[{\"@type\":\"ReadAction\",\"target\":[\"https:\/\/www.joma-sport.com\/blog\/el-judoca-fran-garrigos-inaugura-el-medallero-espanol-luciendo-el-chandal-sostenible-de-la-coleccion-podium\/\"]}]},{\"@type\":\"WebSite\",\"@id\":\"https:\/\/www.joma-sport.com\/blog\/#website\",\"url\":\"https:\/\/www.joma-sport.com\/blog\/\",\"name\":\"Joma World\",\"description\":\"Inside Joma\",\"potentialAction\":[{\"@type\":\"SearchAction\",\"target\":{\"@type\":\"EntryPoint\",\"urlTemplate\":\"https:\/\/www.joma-sport.com\/blog\/?s={search_term_string}\"},\"query-input\":\"required name=search_term_string\"}],\"inLanguage\":\"es\"},{\"@type\":\"Person\",\"@id\":\"https:\/\/www.joma-sport.com\/blog\/#\/schema\/person\/28474f1efd78b4b9d5c640bf789ad90c\",\"name\":\"Joma Sport\",\"image\":{\"@type\":\"ImageObject\",\"inLanguage\":\"es\",\"@id\":\"https:\/\/www.joma-sport.com\/blog\/#\/schema\/person\/image\/\",\"url\":\"https:\/\/secure.gravatar.com\/avatar\/3736701ca3bb09f634d2e422dc10104a?s=96&d=mm&r=g\",\"contentUrl\":\"https:\/\/secure.gravatar.com\/avatar\/3736701ca3bb09f634d2e422dc10104a?s=96&d=mm&r=g\",\"caption\":\"Joma Sport\"},\"url\":\"https:\/\/www.joma-sport.com\/blog\/author\/raquel\/\"}]}<\/script>\n<!-- \/ Yoast SEO plugin. -->","yoast_head_json":{"title":"El judoca Fran Garrig\u00f3s inaugura el medallero espa\u00f1ol luciendo el ch\u00e1ndal sostenible de la colecci\u00f3n Podium - Joma World","description":"El vigente campe\u00f3n de Europa ha estrenado la l\u00ednea de premiaci\u00f3n que Joma ha dise\u00f1ado para el Comit\u00e9 Ol\u00edmpico Espa\u00f1ol.","robots":{"index":"index","follow":"follow","max-snippet":"max-snippet:-1","max-image-preview":"max-image-preview:large","max-video-preview":"max-video-preview:-1"},"canonical":"https:\/\/www.joma-sport.com\/blog\/el-judoca-fran-garrigos-inaugura-el-medallero-espanol-luciendo-el-chandal-sostenible-de-la-coleccion-podium\/","og_locale":"es_ES","og_type":"article","og_title":"El judoca Fran Garrig\u00f3s inaugura el medallero espa\u00f1ol luciendo el ch\u00e1ndal sostenible de la colecci\u00f3n Podium - Joma World","og_description":"El vigente campe\u00f3n de Europa ha estrenado la l\u00ednea de premiaci\u00f3n que Joma ha dise\u00f1ado para el Comit\u00e9 Ol\u00edmpico Espa\u00f1ol.","og_url":"https:\/\/www.joma-sport.com\/blog\/el-judoca-fran-garrigos-inaugura-el-medallero-espanol-luciendo-el-chandal-sostenible-de-la-coleccion-podium\/","og_site_name":"Joma World","article_published_time":"2024-07-29T14:22:35+00:00","article_modified_time":"2024-07-29T14:30:11+00:00","og_image":[{"width":696,"height":518,"url":"https:\/\/www.joma-sport.com\/blog\/wp-content\/uploads\/2024\/07\/noticia-web-podio-jjoo-1.jpg","type":"image\/jpeg"}],"author":"Joma Sport","twitter_card":"summary_large_image","twitter_misc":{"Escrito por":"Joma Sport","Tiempo de lectura":"3 minutos"},"schema":{"@context":"https:\/\/schema.org","@graph":[{"@type":"WebPage","@id":"https:\/\/www.joma-sport.com\/blog\/el-judoca-fran-garrigos-inaugura-el-medallero-espanol-luciendo-el-chandal-sostenible-de-la-coleccion-podium\/","url":"https:\/\/www.joma-sport.com\/blog\/el-judoca-fran-garrigos-inaugura-el-medallero-espanol-luciendo-el-chandal-sostenible-de-la-coleccion-podium\/","name":"El judoca Fran Garrig\u00f3s inaugura el medallero espa\u00f1ol luciendo el ch\u00e1ndal sostenible de la colecci\u00f3n Podium - Joma World","isPartOf":{"@id":"https:\/\/www.joma-sport.com\/blog\/#website"},"datePublished":"2024-07-29T14:22:35+00:00","dateModified":"2024-07-29T14:30:11+00:00","author":{"@id":"https:\/\/www.joma-sport.com\/blog\/#\/schema\/person\/28474f1efd78b4b9d5c640bf789ad90c"},"description":"El vigente campe\u00f3n de Europa ha estrenado la l\u00ednea de premiaci\u00f3n que Joma ha dise\u00f1ado para el Comit\u00e9 Ol\u00edmpico Espa\u00f1ol.","inLanguage":"es","potentialAction":[{"@type":"ReadAction","target":["https:\/\/www.joma-sport.com\/blog\/el-judoca-fran-garrigos-inaugura-el-medallero-espanol-luciendo-el-chandal-sostenible-de-la-coleccion-podium\/"]}]},{"@type":"WebSite","@id":"https:\/\/www.joma-sport.com\/blog\/#website","url":"https:\/\/www.joma-sport.com\/blog\/","name":"Joma World","description":"Inside Joma","potentialAction":[{"@type":"SearchAction","target":{"@type":"EntryPoint","urlTemplate":"https:\/\/www.joma-sport.com\/blog\/?s={search_term_string}"},"query-input":"required name=search_term_string"}],"inLanguage":"es"},{"@type":"Person","@id":"https:\/\/www.joma-sport.com\/blog\/#\/schema\/person\/28474f1efd78b4b9d5c640bf789ad90c","name":"Joma Sport","image":{"@type":"ImageObject","inLanguage":"es","@id":"https:\/\/www.joma-sport.com\/blog\/#\/schema\/person\/image\/","url":"https:\/\/secure.gravatar.com\/avatar\/3736701ca3bb09f634d2e422dc10104a?s=96&d=mm&r=g","contentUrl":"https:\/\/secure.gravatar.com\/avatar\/3736701ca3bb09f634d2e422dc10104a?s=96&d=mm&r=g","caption":"Joma Sport"},"url":"https:\/\/www.joma-sport.com\/blog\/author\/raquel\/"}]}},"_links":{"self":[{"href":"https:\/\/www.joma-sport.com\/blog\/wp-json\/wp\/v2\/posts\/77196"}],"collection":[{"href":"https:\/\/www.joma-sport.com\/blog\/wp-json\/wp\/v2\/posts"}],"about":[{"href":"https:\/\/www.joma-sport.com\/blog\/wp-json\/wp\/v2\/types\/post"}],"author":[{"embeddable":true,"href":"https:\/\/www.joma-sport.com\/blog\/wp-json\/wp\/v2\/users\/4"}],"replies":[{"embeddable":true,"href":"https:\/\/www.joma-sport.com\/blog\/wp-json\/wp\/v2\/comments?post=77196"}],"version-history":[{"count":8,"href":"https:\/\/www.joma-sport.com\/blog\/wp-json\/wp\/v2\/posts\/77196\/revisions"}],"predecessor-version":[{"id":77217,"href":"https:\/\/www.joma-sport.com\/blog\/wp-json\/wp\/v2\/posts\/77196\/revisions\/77217"}],"wp:featuredmedia":[{"embeddable":true,"href":"https:\/\/www.joma-sport.com\/blog\/wp-json\/wp\/v2\/media\/77197"}],"wp:attachment":[{"href":"https:\/\/www.joma-sport.com\/blog\/wp-json\/wp\/v2\/media?parent=77196"}],"wp:term":[{"taxonomy":"category","embeddable":true,"href":"https:\/\/www.joma-sport.com\/blog\/wp-json\/wp\/v2\/categories?post=77196"},{"taxonomy":"post_tag","embeddable":true,"href":"https:\/\/www.joma-sport.com\/blog\/wp-json\/wp\/v2\/tags?post=77196"}],"curies":[{"name":"wp","href":"https:\/\/api.w.org\/{rel}","templated":true}]}}