{"id":65298,"date":"2023-03-20T15:24:30","date_gmt":"2023-03-20T15:24:30","guid":{"rendered":"https:\/\/www.joma-sport.com\/blog\/?p=65298"},"modified":"2023-03-20T15:24:30","modified_gmt":"2023-03-20T15:24:30","slug":"joma-lanza-la-camiseta-de-la-federacion-rumana-de-futbol-23-24","status":"publish","type":"post","link":"https:\/\/www.joma-sport.com\/blog\/joma-lanza-la-camiseta-de-la-federacion-rumana-de-futbol-23-24\/","title":{"rendered":"Joma lanza la camiseta de la Federaci\u00f3n Rumana de F\u00fatbol 23-24"},"content":{"rendered":"<h2 style=\"text-align: justify;\">En el debut de la selecci\u00f3n nacional en la fase de clasificaci\u00f3n para la Eurocopa 2024 y en la participaci\u00f3n de Ruman\u00eda Sub-21 en la Eurocopa 2023, \u00a1ya est\u00e1 lista la nueva equipaci\u00f3n de todos los equipos rumanos!<\/h2>\n<p style=\"text-align: justify;\"><span style=\"font-size: 14pt;\">La Federaci\u00f3n Rumana de F\u00fatbol y Joma lanzan la <a href=\"https:\/\/www.joma-sport.com\/es_ES\/equipaciones-oficiales\/futbol\/federacion-de-futbol-de-rumania\/\" target=\"_blank\" rel=\"noopener\"><strong>nueva camiseta de la selecci\u00f3n nacional<\/strong><\/a>, inspirada en la resistencia y la perseverancia que definen a los aficionados rumanos. La camiseta est\u00e1 dise\u00f1ada para soportar todas las presiones y desaf\u00edos a los que se enfrentan los seguidores, desde las l\u00e1grimas y las emociones hasta los tensos minutos posteriores a los partidos. La equipaci\u00f3n lleva el tradicional cintur\u00f3n como s\u00edmbolo de los <strong>valores que han mantenido unido al pa\u00eds a lo largo del tiempo<\/strong>. En el folclore rumano, la fuerza de los luchadores fuertes estaba en la cintura, y queremos que siga inspir\u00e1ndonos. Por eso, empezamos la lucha con una camiseta fuerte para hinchas fuertes.<\/span><\/p>\n<p style=\"text-align: justify;\"><span style=\"font-size: 14pt;\">La cintura contiene <strong>elementos emblem\u00e1ticos de las regiones hist\u00f3ricas de Ruman\u00eda<\/strong>, una referencia al pasado com\u00fan.\u00a0\u00a1Y este es el <strong>#PoderDelCintur\u00f3n<\/strong>!<\/span><\/p>\n<p style=\"text-align: justify;\"><span style=\"font-size: 14pt;\">Adem\u00e1s del elemento distintivo de la nueva camiseta, el cintur\u00f3n, no falta <strong>la bandera rumana tricolor<\/strong>, presente en las mangas de la camiseta junto con el mensaje de unidad \u00abLuchamos juntos\u00bb. La nueva equipaci\u00f3n es una vuelta al <strong>amarillo tradicional<\/strong>, de modo que el azul y el rojo, respectivamente, caracterizan las otras dos opciones.<\/span><\/p>\n<p style=\"text-align: justify;\"><span style=\"font-size: 14pt;\">La nueva equipaci\u00f3n tambi\u00e9n es producto de una <strong>amplia investigaci\u00f3n<\/strong>. Los aficionados tambi\u00e9n participaron en el proceso de conceptualizaci\u00f3n, ya que contribuyeron a identificar las equipaciones m\u00e1s queridas de la historia de la selecci\u00f3n y sus elementos m\u00e1s apreciados. Adem\u00e1s, aportaron detalles sobre combinaciones de colores y ejemplos de otras equipaciones de f\u00fatbol que han gozado de popularidad en los \u00faltimos a\u00f1os. M\u00e1s de 800 aficionados, mujeres y hombres, del pa\u00eds y del extranjero, tuvieron la oportunidad de expresar su opini\u00f3n y apoyar sus ideas. As\u00ed pues, \u00a1esta equipaci\u00f3n tambi\u00e9n es creaci\u00f3n suya!<\/span><\/p>\n<h2 style=\"text-align: justify;\"><strong>Caracter\u00edsticas t\u00e9cnicas<\/strong><\/h2>\n<p style=\"text-align: justify;\"><span style=\"font-size: 14pt;\">La fabricaci\u00f3n se ha llevado a cabo 100% con <strong>poli\u00e9ster reciclado<\/strong> para reducir al m\u00ednimo el impacto en el medioambiente. Este tejido se caracteriza por su calidad y elasticidad, adem\u00e1s de ser muy resistente y f\u00e1cil de mantener. Se elabora a partir de pl\u00e1sticos procesados que se convierten en hilo de poli\u00e9ster reciclado y, posteriormente, en miles de metros de tejido sostenible.<\/span><\/p>\n<p style=\"text-align: justify;\"><span style=\"font-size: 14pt;\">Adem\u00e1s, se ha incluido la tecnolog\u00eda <strong>MICROMESH<\/strong> para dotar de transpirabilidad a la <a href=\"https:\/\/www.joma-sport.com\/es_ES\/equipaciones-oficiales\/futbol\/federacion-de-futbol-de-rumania\/\" target=\"_blank\" rel=\"noopener\">camiseta<\/a>. Gracias a este tejido de rejilla que sustituye al tejido base, el sudor se evapora r\u00e1pidamente en las zonas de mayor sudoraci\u00f3n. As\u00ed el cuerpo del jugador permanecer\u00e1 seco, c\u00f3modo y se prevendr\u00e1 el enfriamiento post ejercicio.<\/span><\/p>\n<p style=\"text-align: justify;\"><span style=\"font-size: 14pt;\">A esto tambi\u00e9n contribuye el sistema <strong>FLATLOCK <\/strong>de costuras planas, que evita rozaduras y aporta elasticidad y libertad de movimientos.<\/span><\/p>\n","protected":false},"excerpt":{"rendered":"<p>En el debut de la selecci\u00f3n nacional en la fase de clasificaci\u00f3n para la Eurocopa 2024 y en la participaci\u00f3n [&hellip;]<\/p>\n","protected":false},"author":4,"featured_media":65362,"comment_status":"closed","ping_status":"closed","sticky":false,"template":"","format":"standard","meta":[],"categories":[95],"tags":[80,73],"yoast_head":"<!-- This site is optimized with the Yoast SEO plugin v21.1 - https:\/\/yoast.com\/wordpress\/plugins\/seo\/ -->\n<title>Joma lanza la camiseta de la Federaci\u00f3n Rumana de F\u00fatbol 23-24<\/title>\n<meta name=\"description\" content=\"El f\u00fatbol rumano vestir\u00e1 de amarillo un a\u00f1o m\u00e1s. Joma ha lanzado la nueva camiseta oficial de la Federaci\u00f3n Rumana de F\u00fatbol 23-24\" \/>\n<meta name=\"robots\" content=\"index, follow, max-snippet:-1, max-image-preview:large, max-video-preview:-1\" \/>\n<link rel=\"canonical\" href=\"https:\/\/www.joma-sport.com\/blog\/joma-lanza-la-camiseta-de-la-federacion-rumana-de-futbol-23-24\/\" \/>\n<meta property=\"og:locale\" content=\"es_ES\" \/>\n<meta property=\"og:type\" content=\"article\" \/>\n<meta property=\"og:title\" content=\"Joma lanza la camiseta de la Federaci\u00f3n Rumana de F\u00fatbol 23-24\" \/>\n<meta property=\"og:description\" content=\"El f\u00fatbol rumano vestir\u00e1 de amarillo un a\u00f1o m\u00e1s. Joma ha lanzado la nueva camiseta oficial de la Federaci\u00f3n Rumana de F\u00fatbol 23-24\" \/>\n<meta property=\"og:url\" content=\"https:\/\/www.joma-sport.com\/blog\/joma-lanza-la-camiseta-de-la-federacion-rumana-de-futbol-23-24\/\" \/>\n<meta property=\"og:site_name\" content=\"Joma World\" \/>\n<meta property=\"article:published_time\" content=\"2023-03-20T15:24:30+00:00\" \/>\n<meta property=\"og:image\" content=\"https:\/\/www.joma-sport.com\/blog\/wp-content\/uploads\/2023\/03\/noticia_camiseta_rumania.jpg\" \/>\n\t<meta property=\"og:image:width\" content=\"696\" \/>\n\t<meta property=\"og:image:height\" content=\"518\" \/>\n\t<meta property=\"og:image:type\" content=\"image\/jpeg\" \/>\n<meta name=\"author\" content=\"Joma Sport\" \/>\n<meta name=\"twitter:card\" content=\"summary_large_image\" \/>\n<meta name=\"twitter:label1\" content=\"Escrito por\" \/>\n\t<meta name=\"twitter:data1\" content=\"Joma Sport\" \/>\n\t<meta name=\"twitter:label2\" content=\"Tiempo de lectura\" \/>\n\t<meta name=\"twitter:data2\" content=\"3 minutos\" \/>\n<script type=\"application\/ld+json\" class=\"yoast-schema-graph\">{\"@context\":\"https:\/\/schema.org\",\"@graph\":[{\"@type\":\"WebPage\",\"@id\":\"https:\/\/www.joma-sport.com\/blog\/joma-lanza-la-camiseta-de-la-federacion-rumana-de-futbol-23-24\/\",\"url\":\"https:\/\/www.joma-sport.com\/blog\/joma-lanza-la-camiseta-de-la-federacion-rumana-de-futbol-23-24\/\",\"name\":\"Joma lanza la camiseta de la Federaci\u00f3n Rumana de F\u00fatbol 23-24\",\"isPartOf\":{\"@id\":\"https:\/\/www.joma-sport.com\/blog\/#website\"},\"datePublished\":\"2023-03-20T15:24:30+00:00\",\"dateModified\":\"2023-03-20T15:24:30+00:00\",\"author\":{\"@id\":\"https:\/\/www.joma-sport.com\/blog\/#\/schema\/person\/28474f1efd78b4b9d5c640bf789ad90c\"},\"description\":\"El f\u00fatbol rumano vestir\u00e1 de amarillo un a\u00f1o m\u00e1s. Joma ha lanzado la nueva camiseta oficial de la Federaci\u00f3n Rumana de F\u00fatbol 23-24\",\"inLanguage\":\"es\",\"potentialAction\":[{\"@type\":\"ReadAction\",\"target\":[\"https:\/\/www.joma-sport.com\/blog\/joma-lanza-la-camiseta-de-la-federacion-rumana-de-futbol-23-24\/\"]}]},{\"@type\":\"WebSite\",\"@id\":\"https:\/\/www.joma-sport.com\/blog\/#website\",\"url\":\"https:\/\/www.joma-sport.com\/blog\/\",\"name\":\"Joma World\",\"description\":\"Inside Joma\",\"potentialAction\":[{\"@type\":\"SearchAction\",\"target\":{\"@type\":\"EntryPoint\",\"urlTemplate\":\"https:\/\/www.joma-sport.com\/blog\/?s={search_term_string}\"},\"query-input\":\"required name=search_term_string\"}],\"inLanguage\":\"es\"},{\"@type\":\"Person\",\"@id\":\"https:\/\/www.joma-sport.com\/blog\/#\/schema\/person\/28474f1efd78b4b9d5c640bf789ad90c\",\"name\":\"Joma Sport\",\"image\":{\"@type\":\"ImageObject\",\"inLanguage\":\"es\",\"@id\":\"https:\/\/www.joma-sport.com\/blog\/#\/schema\/person\/image\/\",\"url\":\"https:\/\/secure.gravatar.com\/avatar\/3736701ca3bb09f634d2e422dc10104a?s=96&d=mm&r=g\",\"contentUrl\":\"https:\/\/secure.gravatar.com\/avatar\/3736701ca3bb09f634d2e422dc10104a?s=96&d=mm&r=g\",\"caption\":\"Joma Sport\"},\"url\":\"https:\/\/www.joma-sport.com\/blog\/author\/raquel\/\"}]}<\/script>\n<!-- \/ Yoast SEO plugin. -->","yoast_head_json":{"title":"Joma lanza la camiseta de la Federaci\u00f3n Rumana de F\u00fatbol 23-24","description":"El f\u00fatbol rumano vestir\u00e1 de amarillo un a\u00f1o m\u00e1s. Joma ha lanzado la nueva camiseta oficial de la Federaci\u00f3n Rumana de F\u00fatbol 23-24","robots":{"index":"index","follow":"follow","max-snippet":"max-snippet:-1","max-image-preview":"max-image-preview:large","max-video-preview":"max-video-preview:-1"},"canonical":"https:\/\/www.joma-sport.com\/blog\/joma-lanza-la-camiseta-de-la-federacion-rumana-de-futbol-23-24\/","og_locale":"es_ES","og_type":"article","og_title":"Joma lanza la camiseta de la Federaci\u00f3n Rumana de F\u00fatbol 23-24","og_description":"El f\u00fatbol rumano vestir\u00e1 de amarillo un a\u00f1o m\u00e1s. Joma ha lanzado la nueva camiseta oficial de la Federaci\u00f3n Rumana de F\u00fatbol 23-24","og_url":"https:\/\/www.joma-sport.com\/blog\/joma-lanza-la-camiseta-de-la-federacion-rumana-de-futbol-23-24\/","og_site_name":"Joma World","article_published_time":"2023-03-20T15:24:30+00:00","og_image":[{"width":696,"height":518,"url":"https:\/\/www.joma-sport.com\/blog\/wp-content\/uploads\/2023\/03\/noticia_camiseta_rumania.jpg","type":"image\/jpeg"}],"author":"Joma Sport","twitter_card":"summary_large_image","twitter_misc":{"Escrito por":"Joma Sport","Tiempo de lectura":"3 minutos"},"schema":{"@context":"https:\/\/schema.org","@graph":[{"@type":"WebPage","@id":"https:\/\/www.joma-sport.com\/blog\/joma-lanza-la-camiseta-de-la-federacion-rumana-de-futbol-23-24\/","url":"https:\/\/www.joma-sport.com\/blog\/joma-lanza-la-camiseta-de-la-federacion-rumana-de-futbol-23-24\/","name":"Joma lanza la camiseta de la Federaci\u00f3n Rumana de F\u00fatbol 23-24","isPartOf":{"@id":"https:\/\/www.joma-sport.com\/blog\/#website"},"datePublished":"2023-03-20T15:24:30+00:00","dateModified":"2023-03-20T15:24:30+00:00","author":{"@id":"https:\/\/www.joma-sport.com\/blog\/#\/schema\/person\/28474f1efd78b4b9d5c640bf789ad90c"},"description":"El f\u00fatbol rumano vestir\u00e1 de amarillo un a\u00f1o m\u00e1s. Joma ha lanzado la nueva camiseta oficial de la Federaci\u00f3n Rumana de F\u00fatbol 23-24","inLanguage":"es","potentialAction":[{"@type":"ReadAction","target":["https:\/\/www.joma-sport.com\/blog\/joma-lanza-la-camiseta-de-la-federacion-rumana-de-futbol-23-24\/"]}]},{"@type":"WebSite","@id":"https:\/\/www.joma-sport.com\/blog\/#website","url":"https:\/\/www.joma-sport.com\/blog\/","name":"Joma World","description":"Inside Joma","potentialAction":[{"@type":"SearchAction","target":{"@type":"EntryPoint","urlTemplate":"https:\/\/www.joma-sport.com\/blog\/?s={search_term_string}"},"query-input":"required name=search_term_string"}],"inLanguage":"es"},{"@type":"Person","@id":"https:\/\/www.joma-sport.com\/blog\/#\/schema\/person\/28474f1efd78b4b9d5c640bf789ad90c","name":"Joma Sport","image":{"@type":"ImageObject","inLanguage":"es","@id":"https:\/\/www.joma-sport.com\/blog\/#\/schema\/person\/image\/","url":"https:\/\/secure.gravatar.com\/avatar\/3736701ca3bb09f634d2e422dc10104a?s=96&d=mm&r=g","contentUrl":"https:\/\/secure.gravatar.com\/avatar\/3736701ca3bb09f634d2e422dc10104a?s=96&d=mm&r=g","caption":"Joma Sport"},"url":"https:\/\/www.joma-sport.com\/blog\/author\/raquel\/"}]}},"_links":{"self":[{"href":"https:\/\/www.joma-sport.com\/blog\/wp-json\/wp\/v2\/posts\/65298"}],"collection":[{"href":"https:\/\/www.joma-sport.com\/blog\/wp-json\/wp\/v2\/posts"}],"about":[{"href":"https:\/\/www.joma-sport.com\/blog\/wp-json\/wp\/v2\/types\/post"}],"author":[{"embeddable":true,"href":"https:\/\/www.joma-sport.com\/blog\/wp-json\/wp\/v2\/users\/4"}],"replies":[{"embeddable":true,"href":"https:\/\/www.joma-sport.com\/blog\/wp-json\/wp\/v2\/comments?post=65298"}],"version-history":[{"count":4,"href":"https:\/\/www.joma-sport.com\/blog\/wp-json\/wp\/v2\/posts\/65298\/revisions"}],"predecessor-version":[{"id":65371,"href":"https:\/\/www.joma-sport.com\/blog\/wp-json\/wp\/v2\/posts\/65298\/revisions\/65371"}],"wp:featuredmedia":[{"embeddable":true,"href":"https:\/\/www.joma-sport.com\/blog\/wp-json\/wp\/v2\/media\/65362"}],"wp:attachment":[{"href":"https:\/\/www.joma-sport.com\/blog\/wp-json\/wp\/v2\/media?parent=65298"}],"wp:term":[{"taxonomy":"category","embeddable":true,"href":"https:\/\/www.joma-sport.com\/blog\/wp-json\/wp\/v2\/categories?post=65298"},{"taxonomy":"post_tag","embeddable":true,"href":"https:\/\/www.joma-sport.com\/blog\/wp-json\/wp\/v2\/tags?post=65298"}],"curies":[{"name":"wp","href":"https:\/\/api.w.org\/{rel}","templated":true}]}}