{"id":56911,"date":"2022-05-30T13:00:00","date_gmt":"2022-05-30T13:00:00","guid":{"rendered":"https:\/\/www.joma-sport.com\/blog\/joma-y-el-villarreal-cf-presentan-la-primera-camiseta-de-la-proxima-temporada\/"},"modified":"2022-06-21T12:43:06","modified_gmt":"2022-06-21T12:43:06","slug":"joma-y-el-villarreal-cf-presentan-la-primera-camiseta-de-la-proxima-temporada","status":"publish","type":"post","link":"https:\/\/www.joma-sport.com\/blog\/joma-y-el-villarreal-cf-presentan-la-primera-camiseta-de-la-proxima-temporada\/","title":{"rendered":"Joma y el Villarreal CF presentan la primera camiseta de la pr\u00f3xima temporada"},"content":{"rendered":"<p style=\"text-align: justify;\">La primera camiseta para la temporada 2022\/2023 destaca por llevar el amarillo como protagonista, color que mantiene las se&ntilde;as de identidad del club y por el que se le conoce en toda Europa. Va acompa&ntilde;ado de finos detalles lineales en azul oscuro sobre cuello y mangas. Por lo tanto, Joma ha mantenido el dise&ntilde;o cl&aacute;sico, caracterizado por la sencillez y donde lo m&aacute;s importante es seguir dando protagonismo al color que tanto identifica al club. Se incluye como novedad el cuello tipo polo, que aporta elegancia, y un covertape interior con leyenda en honor al centenario del Villarreal CF.<\/p>\n<p style=\"text-align: justify;\">Adem&aacute;s, Joma ha querido a&ntilde;adir originalidad incluyendo un acabado en Jacquard, que destaca por su dibujo geom&eacute;trico. Esto aporta un toque de innovaci&oacute;n a la sencillez de las camisetas. Tambi&eacute;n se ha aplicado la t&eacute;cnica embossed para a&ntilde;adir el emblema del club en la parte superior de la espalda. Como es habitual, se incluye el escudo del club en caucho termosellado para evitar rozaduras y proporcionar comodidad a los jugadores. Para esto se ha empleado la tecnolog&iacute;a Joma Sportech, una t&eacute;cnica que se aplica ya en el calzado y que ahora Joma utiliza tambi&eacute;n en textil.<\/p>\n<p style=\"text-align: justify;\">Se trata de una el&aacute;stica de estilo cl&aacute;sico con patr&oacute;n regular y piezas de rejilla mesh en los costados, las zonas que necesitan mayor transpiraci&oacute;n del sudor. Incluye el&aacute;stico en mangas y cuello para facilitar el ajuste de la camiseta. Se ha fabricado 100% con poli&eacute;ster reciclado, un tejido liso que se caracteriza por su elasticidad, ligereza y resistencia.<\/p>\n<p style=\"text-align: justify;\">El producto de Joma est&aacute; reconocido por su calidad y sus cualidades tecnol&oacute;gicas, que se han aplicado en las camisetas del Villarreal CF. Las r&eacute;plicas que se pondr&aacute;n a la venta tambi&eacute;n siguen estos est&aacute;ndares de calidad. De esta manera, los fans podr&aacute;n disfrutar de las mismas ventajas que los jugadores del club. Se trata de una iniciativa exclusiva de Joma, que busca mantener en todo momento a excelencia que caracteriza a sus productos.<\/p>\n<p style=\"text-align: justify;\">Adem&aacute;s de las camisetas, la colecci&oacute;n de Joma para la temporada 2022\/2023 se completa con una amplia l&iacute;nea de prendas de entrenamiento, formada por sudaderas, camisetas, short, pantalones, prendas de abrigo y complementos, y otra de concentraci&oacute;n.<\/p>\n","protected":false},"excerpt":{"rendered":"<p>Joma, como marca deportiva de referencia en f\u00fatbol y patrocinador t\u00e9cnico del Villarreal CF, presenta la primera camiseta oficial con la que los jugadores afrontar\u00e1n la pr\u00f3xima temporada.<\/p>\n","protected":false},"author":1,"featured_media":58012,"comment_status":"closed","ping_status":"closed","sticky":false,"template":"","format":"standard","meta":[],"categories":[1],"tags":[80],"yoast_head":"<!-- This site is optimized with the Yoast SEO plugin v21.1 - https:\/\/yoast.com\/wordpress\/plugins\/seo\/ -->\n<title>Joma y el Villarreal CF presentan la primera camiseta de la pr\u00f3xima temporada - Joma World<\/title>\n<meta name=\"robots\" content=\"index, follow, max-snippet:-1, max-image-preview:large, max-video-preview:-1\" \/>\n<link rel=\"canonical\" href=\"https:\/\/www.joma-sport.com\/blog\/joma-y-el-villarreal-cf-presentan-la-primera-camiseta-de-la-proxima-temporada\/\" \/>\n<meta property=\"og:locale\" content=\"es_ES\" \/>\n<meta property=\"og:type\" content=\"article\" \/>\n<meta property=\"og:title\" content=\"Joma y el Villarreal CF presentan la primera camiseta de la pr\u00f3xima temporada - Joma World\" \/>\n<meta property=\"og:description\" content=\"Joma, como marca deportiva de referencia en f\u00fatbol y patrocinador t\u00e9cnico del Villarreal CF, presenta la primera camiseta oficial con la que los jugadores afrontar\u00e1n la pr\u00f3xima temporada.\" \/>\n<meta property=\"og:url\" content=\"https:\/\/www.joma-sport.com\/blog\/joma-y-el-villarreal-cf-presentan-la-primera-camiseta-de-la-proxima-temporada\/\" \/>\n<meta property=\"og:site_name\" content=\"Joma World\" \/>\n<meta property=\"article:published_time\" content=\"2022-05-30T13:00:00+00:00\" \/>\n<meta property=\"article:modified_time\" content=\"2022-06-21T12:43:06+00:00\" \/>\n<meta property=\"og:image\" content=\"https:\/\/www.joma-sport.com\/blog\/wp-content\/uploads\/2022\/05\/noticia.jpg\" \/>\n\t<meta property=\"og:image:width\" content=\"696\" \/>\n\t<meta property=\"og:image:height\" content=\"518\" \/>\n\t<meta property=\"og:image:type\" content=\"image\/jpeg\" \/>\n<meta name=\"author\" content=\"JOMA\" \/>\n<meta name=\"twitter:card\" content=\"summary_large_image\" \/>\n<meta name=\"twitter:label1\" content=\"Escrito por\" \/>\n\t<meta name=\"twitter:data1\" content=\"JOMA\" \/>\n\t<meta name=\"twitter:label2\" content=\"Tiempo de lectura\" \/>\n\t<meta name=\"twitter:data2\" content=\"2 minutos\" \/>\n<script type=\"application\/ld+json\" class=\"yoast-schema-graph\">{\"@context\":\"https:\/\/schema.org\",\"@graph\":[{\"@type\":\"WebPage\",\"@id\":\"https:\/\/www.joma-sport.com\/blog\/joma-y-el-villarreal-cf-presentan-la-primera-camiseta-de-la-proxima-temporada\/\",\"url\":\"https:\/\/www.joma-sport.com\/blog\/joma-y-el-villarreal-cf-presentan-la-primera-camiseta-de-la-proxima-temporada\/\",\"name\":\"Joma y el Villarreal CF presentan la primera camiseta de la pr\u00f3xima temporada - Joma World\",\"isPartOf\":{\"@id\":\"https:\/\/www.joma-sport.com\/blog\/#website\"},\"datePublished\":\"2022-05-30T13:00:00+00:00\",\"dateModified\":\"2022-06-21T12:43:06+00:00\",\"author\":{\"@id\":\"https:\/\/www.joma-sport.com\/blog\/#\/schema\/person\/8467085eeea397781a9e5a5bd0211eab\"},\"inLanguage\":\"es\",\"potentialAction\":[{\"@type\":\"ReadAction\",\"target\":[\"https:\/\/www.joma-sport.com\/blog\/joma-y-el-villarreal-cf-presentan-la-primera-camiseta-de-la-proxima-temporada\/\"]}]},{\"@type\":\"WebSite\",\"@id\":\"https:\/\/www.joma-sport.com\/blog\/#website\",\"url\":\"https:\/\/www.joma-sport.com\/blog\/\",\"name\":\"Joma World\",\"description\":\"Inside Joma\",\"potentialAction\":[{\"@type\":\"SearchAction\",\"target\":{\"@type\":\"EntryPoint\",\"urlTemplate\":\"https:\/\/www.joma-sport.com\/blog\/?s={search_term_string}\"},\"query-input\":\"required name=search_term_string\"}],\"inLanguage\":\"es\"},{\"@type\":\"Person\",\"@id\":\"https:\/\/www.joma-sport.com\/blog\/#\/schema\/person\/8467085eeea397781a9e5a5bd0211eab\",\"name\":\"JOMA\",\"image\":{\"@type\":\"ImageObject\",\"inLanguage\":\"es\",\"@id\":\"https:\/\/www.joma-sport.com\/blog\/#\/schema\/person\/image\/\",\"url\":\"https:\/\/secure.gravatar.com\/avatar\/6e6444480edb84ebaf5afa2a3a5cea7e?s=96&d=mm&r=g\",\"contentUrl\":\"https:\/\/secure.gravatar.com\/avatar\/6e6444480edb84ebaf5afa2a3a5cea7e?s=96&d=mm&r=g\",\"caption\":\"JOMA\"},\"url\":\"https:\/\/www.joma-sport.com\/blog\/author\/jomanews\/\"}]}<\/script>\n<!-- \/ Yoast SEO plugin. -->","yoast_head_json":{"title":"Joma y el Villarreal CF presentan la primera camiseta de la pr\u00f3xima temporada - Joma World","robots":{"index":"index","follow":"follow","max-snippet":"max-snippet:-1","max-image-preview":"max-image-preview:large","max-video-preview":"max-video-preview:-1"},"canonical":"https:\/\/www.joma-sport.com\/blog\/joma-y-el-villarreal-cf-presentan-la-primera-camiseta-de-la-proxima-temporada\/","og_locale":"es_ES","og_type":"article","og_title":"Joma y el Villarreal CF presentan la primera camiseta de la pr\u00f3xima temporada - Joma World","og_description":"Joma, como marca deportiva de referencia en f\u00fatbol y patrocinador t\u00e9cnico del Villarreal CF, presenta la primera camiseta oficial con la que los jugadores afrontar\u00e1n la pr\u00f3xima temporada.","og_url":"https:\/\/www.joma-sport.com\/blog\/joma-y-el-villarreal-cf-presentan-la-primera-camiseta-de-la-proxima-temporada\/","og_site_name":"Joma World","article_published_time":"2022-05-30T13:00:00+00:00","article_modified_time":"2022-06-21T12:43:06+00:00","og_image":[{"width":696,"height":518,"url":"https:\/\/www.joma-sport.com\/blog\/wp-content\/uploads\/2022\/05\/noticia.jpg","type":"image\/jpeg"}],"author":"JOMA","twitter_card":"summary_large_image","twitter_misc":{"Escrito por":"JOMA","Tiempo de lectura":"2 minutos"},"schema":{"@context":"https:\/\/schema.org","@graph":[{"@type":"WebPage","@id":"https:\/\/www.joma-sport.com\/blog\/joma-y-el-villarreal-cf-presentan-la-primera-camiseta-de-la-proxima-temporada\/","url":"https:\/\/www.joma-sport.com\/blog\/joma-y-el-villarreal-cf-presentan-la-primera-camiseta-de-la-proxima-temporada\/","name":"Joma y el Villarreal CF presentan la primera camiseta de la pr\u00f3xima temporada - Joma World","isPartOf":{"@id":"https:\/\/www.joma-sport.com\/blog\/#website"},"datePublished":"2022-05-30T13:00:00+00:00","dateModified":"2022-06-21T12:43:06+00:00","author":{"@id":"https:\/\/www.joma-sport.com\/blog\/#\/schema\/person\/8467085eeea397781a9e5a5bd0211eab"},"inLanguage":"es","potentialAction":[{"@type":"ReadAction","target":["https:\/\/www.joma-sport.com\/blog\/joma-y-el-villarreal-cf-presentan-la-primera-camiseta-de-la-proxima-temporada\/"]}]},{"@type":"WebSite","@id":"https:\/\/www.joma-sport.com\/blog\/#website","url":"https:\/\/www.joma-sport.com\/blog\/","name":"Joma World","description":"Inside Joma","potentialAction":[{"@type":"SearchAction","target":{"@type":"EntryPoint","urlTemplate":"https:\/\/www.joma-sport.com\/blog\/?s={search_term_string}"},"query-input":"required name=search_term_string"}],"inLanguage":"es"},{"@type":"Person","@id":"https:\/\/www.joma-sport.com\/blog\/#\/schema\/person\/8467085eeea397781a9e5a5bd0211eab","name":"JOMA","image":{"@type":"ImageObject","inLanguage":"es","@id":"https:\/\/www.joma-sport.com\/blog\/#\/schema\/person\/image\/","url":"https:\/\/secure.gravatar.com\/avatar\/6e6444480edb84ebaf5afa2a3a5cea7e?s=96&d=mm&r=g","contentUrl":"https:\/\/secure.gravatar.com\/avatar\/6e6444480edb84ebaf5afa2a3a5cea7e?s=96&d=mm&r=g","caption":"JOMA"},"url":"https:\/\/www.joma-sport.com\/blog\/author\/jomanews\/"}]}},"_links":{"self":[{"href":"https:\/\/www.joma-sport.com\/blog\/wp-json\/wp\/v2\/posts\/56911"}],"collection":[{"href":"https:\/\/www.joma-sport.com\/blog\/wp-json\/wp\/v2\/posts"}],"about":[{"href":"https:\/\/www.joma-sport.com\/blog\/wp-json\/wp\/v2\/types\/post"}],"author":[{"embeddable":true,"href":"https:\/\/www.joma-sport.com\/blog\/wp-json\/wp\/v2\/users\/1"}],"replies":[{"embeddable":true,"href":"https:\/\/www.joma-sport.com\/blog\/wp-json\/wp\/v2\/comments?post=56911"}],"version-history":[{"count":2,"href":"https:\/\/www.joma-sport.com\/blog\/wp-json\/wp\/v2\/posts\/56911\/revisions"}],"predecessor-version":[{"id":58022,"href":"https:\/\/www.joma-sport.com\/blog\/wp-json\/wp\/v2\/posts\/56911\/revisions\/58022"}],"wp:featuredmedia":[{"embeddable":true,"href":"https:\/\/www.joma-sport.com\/blog\/wp-json\/wp\/v2\/media\/58012"}],"wp:attachment":[{"href":"https:\/\/www.joma-sport.com\/blog\/wp-json\/wp\/v2\/media?parent=56911"}],"wp:term":[{"taxonomy":"category","embeddable":true,"href":"https:\/\/www.joma-sport.com\/blog\/wp-json\/wp\/v2\/categories?post=56911"},{"taxonomy":"post_tag","embeddable":true,"href":"https:\/\/www.joma-sport.com\/blog\/wp-json\/wp\/v2\/tags?post=56911"}],"curies":[{"name":"wp","href":"https:\/\/api.w.org\/{rel}","templated":true}]}}