{"id":48606,"date":"2016-02-08T13:00:00","date_gmt":"2016-02-08T13:00:00","guid":{"rendered":"https:\/\/www.joma-sport.com\/blog\/pablo-carreno-estrena-su-palmares-en-el-circuito-profesional-atp\/"},"modified":"2022-01-20T12:47:39","modified_gmt":"2022-01-20T12:47:39","slug":"pablo-carreno-estrena-su-palmares-en-el-circuito-profesional-atp","status":"publish","type":"post","link":"https:\/\/www.joma-sport.com\/blog\/pablo-carreno-estrena-su-palmares-en-el-circuito-profesional-atp\/","title":{"rendered":"Pablo Carre\u00f1o estrena su palmar\u00e9s en el circuito profesional ATP"},"content":{"rendered":"<p><strong>Pablo Carre&ntilde;o<\/strong>, tenista de <strong>JOMA<\/strong>, ha&nbsp;conseguido su <strong>primer t&iacute;tulo ATP<\/strong> desde que es profesional, hace tres a&ntilde;os.&nbsp;El <strong>espa&ntilde;ol m&aacute;s joven del ranking ATP<\/strong> se ha proclamado <strong>campe&oacute;n en dobles del&nbsp;Open Ecuador Quito <\/strong>junto con su compa&ntilde;ero, el argentino Guillermo Dur&aacute;n.<\/p>\n<p>Para el jugador espa&ntilde;ol, este triunfo es important&iacute;simo y &eacute;l mismo confirm&oacute; al t&eacute;rmino de la final que &ldquo;aunque no sea un t&iacute;tulo individual, estoy muy contento por haberme estrenado, pero sobre todo por saborear mi primera victoria en ATP\u00bb.<\/p>\n<p><strong>Carre&ntilde;o<\/strong> ha conseguido subir tres puestos en el <strong><a href=\"http:\/\/www.atpworldtour.com\/es\/players\/pablo-carreno-busta\/cd85\/overview\" target=\"_blank\" rel=\"noopener\">r&aacute;nking&nbsp;ATP<\/a><\/strong>, ya es el 64 del mundo, mientras que en dobles la subida ha sido espectacular, del puesto 111 se coloca el 82.<\/p>\n<p>Hace pocos d&iacute;as, el equipo de <strong>JOMA TV<\/strong> tuvo la oportunidad de entrevistar al tenista gijon&eacute;s:&nbsp;<\/p>\n<p><iframe style=\"display: block; margin-left: auto; margin-right: auto;\" src=\"https:\/\/www.youtube.com\/embed\/NtCC_2vXhvE\" width=\"560\" height=\"315\" frameborder=\"0\" allowfullscreen=\"allowfullscreen\"><\/iframe><\/p>\n","protected":false},"excerpt":{"rendered":"<p>El tenista de JOMA se ha proclamado campe\u00f3n de dobles en el Open de Quito.<\/p>\n","protected":false},"author":1,"featured_media":22300,"comment_status":"closed","ping_status":"closed","sticky":false,"template":"","format":"standard","meta":[],"categories":[1],"tags":[83,73,75],"yoast_head":"<!-- This site is optimized with the Yoast SEO plugin v21.1 - https:\/\/yoast.com\/wordpress\/plugins\/seo\/ -->\n<title>Pablo Carre\u00f1o estrena su palmar\u00e9s en el circuito profesional ATP - Joma World<\/title>\n<meta name=\"robots\" content=\"index, follow, max-snippet:-1, max-image-preview:large, max-video-preview:-1\" \/>\n<link rel=\"canonical\" href=\"https:\/\/www.joma-sport.com\/blog\/pablo-carreno-estrena-su-palmares-en-el-circuito-profesional-atp\/\" \/>\n<meta property=\"og:locale\" content=\"es_ES\" \/>\n<meta property=\"og:type\" content=\"article\" \/>\n<meta property=\"og:title\" content=\"Pablo Carre\u00f1o estrena su palmar\u00e9s en el circuito profesional ATP - Joma World\" \/>\n<meta property=\"og:description\" content=\"El tenista de JOMA se ha proclamado campe\u00f3n de dobles en el Open de Quito.\" \/>\n<meta property=\"og:url\" content=\"https:\/\/www.joma-sport.com\/blog\/pablo-carreno-estrena-su-palmares-en-el-circuito-profesional-atp\/\" \/>\n<meta property=\"og:site_name\" content=\"Joma World\" \/>\n<meta property=\"article:published_time\" content=\"2016-02-08T13:00:00+00:00\" \/>\n<meta property=\"article:modified_time\" content=\"2022-01-20T12:47:39+00:00\" \/>\n<meta property=\"og:image\" content=\"https:\/\/www.joma-sport.com\/blog\/wp-content\/uploads\/2016\/02\/20160209_103854_carreno-quito-blog.jpg\" \/>\n\t<meta property=\"og:image:width\" content=\"696\" \/>\n\t<meta property=\"og:image:height\" content=\"518\" \/>\n\t<meta property=\"og:image:type\" content=\"image\/jpeg\" \/>\n<meta name=\"author\" content=\"JOMA\" \/>\n<meta name=\"twitter:card\" content=\"summary_large_image\" \/>\n<meta name=\"twitter:label1\" content=\"Escrito por\" \/>\n\t<meta name=\"twitter:data1\" content=\"JOMA\" \/>\n\t<meta name=\"twitter:label2\" content=\"Tiempo de lectura\" \/>\n\t<meta name=\"twitter:data2\" content=\"1 minuto\" \/>\n<script type=\"application\/ld+json\" class=\"yoast-schema-graph\">{\"@context\":\"https:\/\/schema.org\",\"@graph\":[{\"@type\":\"WebPage\",\"@id\":\"https:\/\/www.joma-sport.com\/blog\/pablo-carreno-estrena-su-palmares-en-el-circuito-profesional-atp\/\",\"url\":\"https:\/\/www.joma-sport.com\/blog\/pablo-carreno-estrena-su-palmares-en-el-circuito-profesional-atp\/\",\"name\":\"Pablo Carre\u00f1o estrena su palmar\u00e9s en el circuito profesional ATP - Joma World\",\"isPartOf\":{\"@id\":\"https:\/\/www.joma-sport.com\/blog\/#website\"},\"datePublished\":\"2016-02-08T13:00:00+00:00\",\"dateModified\":\"2022-01-20T12:47:39+00:00\",\"author\":{\"@id\":\"https:\/\/www.joma-sport.com\/blog\/#\/schema\/person\/8467085eeea397781a9e5a5bd0211eab\"},\"inLanguage\":\"es\",\"potentialAction\":[{\"@type\":\"ReadAction\",\"target\":[\"https:\/\/www.joma-sport.com\/blog\/pablo-carreno-estrena-su-palmares-en-el-circuito-profesional-atp\/\"]}]},{\"@type\":\"WebSite\",\"@id\":\"https:\/\/www.joma-sport.com\/blog\/#website\",\"url\":\"https:\/\/www.joma-sport.com\/blog\/\",\"name\":\"Joma World\",\"description\":\"Inside Joma\",\"potentialAction\":[{\"@type\":\"SearchAction\",\"target\":{\"@type\":\"EntryPoint\",\"urlTemplate\":\"https:\/\/www.joma-sport.com\/blog\/?s={search_term_string}\"},\"query-input\":\"required name=search_term_string\"}],\"inLanguage\":\"es\"},{\"@type\":\"Person\",\"@id\":\"https:\/\/www.joma-sport.com\/blog\/#\/schema\/person\/8467085eeea397781a9e5a5bd0211eab\",\"name\":\"JOMA\",\"image\":{\"@type\":\"ImageObject\",\"inLanguage\":\"es\",\"@id\":\"https:\/\/www.joma-sport.com\/blog\/#\/schema\/person\/image\/\",\"url\":\"https:\/\/secure.gravatar.com\/avatar\/6e6444480edb84ebaf5afa2a3a5cea7e?s=96&d=mm&r=g\",\"contentUrl\":\"https:\/\/secure.gravatar.com\/avatar\/6e6444480edb84ebaf5afa2a3a5cea7e?s=96&d=mm&r=g\",\"caption\":\"JOMA\"},\"url\":\"https:\/\/www.joma-sport.com\/blog\/author\/jomanews\/\"}]}<\/script>\n<!-- \/ Yoast SEO plugin. -->","yoast_head_json":{"title":"Pablo Carre\u00f1o estrena su palmar\u00e9s en el circuito profesional ATP - Joma World","robots":{"index":"index","follow":"follow","max-snippet":"max-snippet:-1","max-image-preview":"max-image-preview:large","max-video-preview":"max-video-preview:-1"},"canonical":"https:\/\/www.joma-sport.com\/blog\/pablo-carreno-estrena-su-palmares-en-el-circuito-profesional-atp\/","og_locale":"es_ES","og_type":"article","og_title":"Pablo Carre\u00f1o estrena su palmar\u00e9s en el circuito profesional ATP - Joma World","og_description":"El tenista de JOMA se ha proclamado campe\u00f3n de dobles en el Open de Quito.","og_url":"https:\/\/www.joma-sport.com\/blog\/pablo-carreno-estrena-su-palmares-en-el-circuito-profesional-atp\/","og_site_name":"Joma World","article_published_time":"2016-02-08T13:00:00+00:00","article_modified_time":"2022-01-20T12:47:39+00:00","og_image":[{"width":696,"height":518,"url":"https:\/\/www.joma-sport.com\/blog\/wp-content\/uploads\/2016\/02\/20160209_103854_carreno-quito-blog.jpg","type":"image\/jpeg"}],"author":"JOMA","twitter_card":"summary_large_image","twitter_misc":{"Escrito por":"JOMA","Tiempo de lectura":"1 minuto"},"schema":{"@context":"https:\/\/schema.org","@graph":[{"@type":"WebPage","@id":"https:\/\/www.joma-sport.com\/blog\/pablo-carreno-estrena-su-palmares-en-el-circuito-profesional-atp\/","url":"https:\/\/www.joma-sport.com\/blog\/pablo-carreno-estrena-su-palmares-en-el-circuito-profesional-atp\/","name":"Pablo Carre\u00f1o estrena su palmar\u00e9s en el circuito profesional ATP - Joma World","isPartOf":{"@id":"https:\/\/www.joma-sport.com\/blog\/#website"},"datePublished":"2016-02-08T13:00:00+00:00","dateModified":"2022-01-20T12:47:39+00:00","author":{"@id":"https:\/\/www.joma-sport.com\/blog\/#\/schema\/person\/8467085eeea397781a9e5a5bd0211eab"},"inLanguage":"es","potentialAction":[{"@type":"ReadAction","target":["https:\/\/www.joma-sport.com\/blog\/pablo-carreno-estrena-su-palmares-en-el-circuito-profesional-atp\/"]}]},{"@type":"WebSite","@id":"https:\/\/www.joma-sport.com\/blog\/#website","url":"https:\/\/www.joma-sport.com\/blog\/","name":"Joma World","description":"Inside Joma","potentialAction":[{"@type":"SearchAction","target":{"@type":"EntryPoint","urlTemplate":"https:\/\/www.joma-sport.com\/blog\/?s={search_term_string}"},"query-input":"required name=search_term_string"}],"inLanguage":"es"},{"@type":"Person","@id":"https:\/\/www.joma-sport.com\/blog\/#\/schema\/person\/8467085eeea397781a9e5a5bd0211eab","name":"JOMA","image":{"@type":"ImageObject","inLanguage":"es","@id":"https:\/\/www.joma-sport.com\/blog\/#\/schema\/person\/image\/","url":"https:\/\/secure.gravatar.com\/avatar\/6e6444480edb84ebaf5afa2a3a5cea7e?s=96&d=mm&r=g","contentUrl":"https:\/\/secure.gravatar.com\/avatar\/6e6444480edb84ebaf5afa2a3a5cea7e?s=96&d=mm&r=g","caption":"JOMA"},"url":"https:\/\/www.joma-sport.com\/blog\/author\/jomanews\/"}]}},"_links":{"self":[{"href":"https:\/\/www.joma-sport.com\/blog\/wp-json\/wp\/v2\/posts\/48606"}],"collection":[{"href":"https:\/\/www.joma-sport.com\/blog\/wp-json\/wp\/v2\/posts"}],"about":[{"href":"https:\/\/www.joma-sport.com\/blog\/wp-json\/wp\/v2\/types\/post"}],"author":[{"embeddable":true,"href":"https:\/\/www.joma-sport.com\/blog\/wp-json\/wp\/v2\/users\/1"}],"replies":[{"embeddable":true,"href":"https:\/\/www.joma-sport.com\/blog\/wp-json\/wp\/v2\/comments?post=48606"}],"version-history":[{"count":1,"href":"https:\/\/www.joma-sport.com\/blog\/wp-json\/wp\/v2\/posts\/48606\/revisions"}],"predecessor-version":[{"id":51004,"href":"https:\/\/www.joma-sport.com\/blog\/wp-json\/wp\/v2\/posts\/48606\/revisions\/51004"}],"wp:featuredmedia":[{"embeddable":true,"href":"https:\/\/www.joma-sport.com\/blog\/wp-json\/wp\/v2\/media\/22300"}],"wp:attachment":[{"href":"https:\/\/www.joma-sport.com\/blog\/wp-json\/wp\/v2\/media?parent=48606"}],"wp:term":[{"taxonomy":"category","embeddable":true,"href":"https:\/\/www.joma-sport.com\/blog\/wp-json\/wp\/v2\/categories?post=48606"},{"taxonomy":"post_tag","embeddable":true,"href":"https:\/\/www.joma-sport.com\/blog\/wp-json\/wp\/v2\/tags?post=48606"}],"curies":[{"name":"wp","href":"https:\/\/api.w.org\/{rel}","templated":true}]}}