{"id":48583,"date":"2016-03-07T13:00:00","date_gmt":"2016-03-07T13:00:00","guid":{"rendered":"https:\/\/www.joma-sport.com\/blog\/el-carlos-barbosa-de-joma-se-proclama-campeon-de-la-copa-de-brasil\/"},"modified":"2022-01-20T12:47:33","modified_gmt":"2022-01-20T12:47:33","slug":"el-carlos-barbosa-de-joma-se-proclama-campeon-de-la-copa-de-brasil","status":"publish","type":"post","link":"https:\/\/www.joma-sport.com\/blog\/el-carlos-barbosa-de-joma-se-proclama-campeon-de-la-copa-de-brasil\/","title":{"rendered":"El Carlos Barbosa de Joma se proclama campe\u00f3n de la Copa de Brasil"},"content":{"rendered":"<p>La <strong>Asociaci&oacute;n de F&uacute;tbol Sala Carlos Barbosa (ACBF)<\/strong>, equipo patrocinado por <strong>JOMA<\/strong>, ha ganado su <strong>quinto t&iacute;tulo consecutivo de la temporada<\/strong>. Este domingo, el equipo naranja ha celebrado la consecuci&oacute;n de su&nbsp;<strong>tercer t&iacute;tulo de la Copa de Brasil<\/strong> despu&eacute;s de disputar una final muy re&ntilde;ida&nbsp;frente al Assoeva, al que venci&oacute; por 2-1.<\/p>\n<p>El <strong>Carlos Barbosa<\/strong>, que ya consigui&oacute; levantar el trofeo de campe&oacute;n en 2001 y 2009, ha vuelto a alzar el t&iacute;tulo de la <strong>Copa de Brasil<\/strong> este a&ntilde;o con lo que ya van tres veces. Adem&aacute;s, hace unas semanas consigui&oacute; su&nbsp;<strong>quinto campeonato liguero convirtiendo&nbsp;a los de&nbsp;<strong>Joma<\/strong>&nbsp;en el equipo con m&aacute;s&nbsp;<strong>Ligas de Brasil<\/strong>.<\/strong><\/p>\n<p>Os dejamos un v&iacute;deo sobre la final disputada frente&nbsp;al Assoeva.&nbsp;<\/p>\n<p><iframe style=\"display: block; margin-left: auto; margin-right: auto;\" src=\"https:\/\/www.youtube.com\/embed\/3z0LHuMaZj8\" width=\"560\" height=\"315\" frameborder=\"0\" allowfullscreen=\"allowfullscreen\"><\/iframe><\/p>\n","protected":false},"excerpt":{"rendered":"<p>El equipo brasile\u00f1o de f\u00fatbol sala ha conseguido el quinto t\u00edtulo de la temporada.<\/p>\n","protected":false},"author":1,"featured_media":22272,"comment_status":"closed","ping_status":"closed","sticky":false,"template":"","format":"standard","meta":[],"categories":[1],"tags":[83,76,73],"yoast_head":"<!-- This site is optimized with the Yoast SEO plugin v21.1 - https:\/\/yoast.com\/wordpress\/plugins\/seo\/ -->\n<title>El Carlos Barbosa de Joma se proclama campe\u00f3n de la Copa de Brasil - Joma World<\/title>\n<meta name=\"robots\" content=\"index, follow, max-snippet:-1, max-image-preview:large, max-video-preview:-1\" \/>\n<link rel=\"canonical\" href=\"https:\/\/www.joma-sport.com\/blog\/el-carlos-barbosa-de-joma-se-proclama-campeon-de-la-copa-de-brasil\/\" \/>\n<meta property=\"og:locale\" content=\"es_ES\" \/>\n<meta property=\"og:type\" content=\"article\" \/>\n<meta property=\"og:title\" content=\"El Carlos Barbosa de Joma se proclama campe\u00f3n de la Copa de Brasil - Joma World\" \/>\n<meta property=\"og:description\" content=\"El equipo brasile\u00f1o de f\u00fatbol sala ha conseguido el quinto t\u00edtulo de la temporada.\" \/>\n<meta property=\"og:url\" content=\"https:\/\/www.joma-sport.com\/blog\/el-carlos-barbosa-de-joma-se-proclama-campeon-de-la-copa-de-brasil\/\" \/>\n<meta property=\"og:site_name\" content=\"Joma World\" \/>\n<meta property=\"article:published_time\" content=\"2016-03-07T13:00:00+00:00\" \/>\n<meta property=\"article:modified_time\" content=\"2022-01-20T12:47:33+00:00\" \/>\n<meta property=\"og:image\" content=\"https:\/\/www.joma-sport.com\/blog\/wp-content\/uploads\/2016\/03\/20160307_101238_carlos-barbosa-blog.jpg\" \/>\n\t<meta property=\"og:image:width\" content=\"696\" \/>\n\t<meta property=\"og:image:height\" content=\"518\" \/>\n\t<meta property=\"og:image:type\" content=\"image\/jpeg\" \/>\n<meta name=\"author\" content=\"JOMA\" \/>\n<meta name=\"twitter:card\" content=\"summary_large_image\" \/>\n<meta name=\"twitter:label1\" content=\"Escrito por\" \/>\n\t<meta name=\"twitter:data1\" content=\"JOMA\" \/>\n\t<meta name=\"twitter:label2\" content=\"Tiempo de lectura\" \/>\n\t<meta name=\"twitter:data2\" content=\"1 minuto\" \/>\n<script type=\"application\/ld+json\" class=\"yoast-schema-graph\">{\"@context\":\"https:\/\/schema.org\",\"@graph\":[{\"@type\":\"WebPage\",\"@id\":\"https:\/\/www.joma-sport.com\/blog\/el-carlos-barbosa-de-joma-se-proclama-campeon-de-la-copa-de-brasil\/\",\"url\":\"https:\/\/www.joma-sport.com\/blog\/el-carlos-barbosa-de-joma-se-proclama-campeon-de-la-copa-de-brasil\/\",\"name\":\"El Carlos Barbosa de Joma se proclama campe\u00f3n de la Copa de Brasil - Joma World\",\"isPartOf\":{\"@id\":\"https:\/\/www.joma-sport.com\/blog\/#website\"},\"datePublished\":\"2016-03-07T13:00:00+00:00\",\"dateModified\":\"2022-01-20T12:47:33+00:00\",\"author\":{\"@id\":\"https:\/\/www.joma-sport.com\/blog\/#\/schema\/person\/8467085eeea397781a9e5a5bd0211eab\"},\"inLanguage\":\"es\",\"potentialAction\":[{\"@type\":\"ReadAction\",\"target\":[\"https:\/\/www.joma-sport.com\/blog\/el-carlos-barbosa-de-joma-se-proclama-campeon-de-la-copa-de-brasil\/\"]}]},{\"@type\":\"WebSite\",\"@id\":\"https:\/\/www.joma-sport.com\/blog\/#website\",\"url\":\"https:\/\/www.joma-sport.com\/blog\/\",\"name\":\"Joma World\",\"description\":\"Inside Joma\",\"potentialAction\":[{\"@type\":\"SearchAction\",\"target\":{\"@type\":\"EntryPoint\",\"urlTemplate\":\"https:\/\/www.joma-sport.com\/blog\/?s={search_term_string}\"},\"query-input\":\"required name=search_term_string\"}],\"inLanguage\":\"es\"},{\"@type\":\"Person\",\"@id\":\"https:\/\/www.joma-sport.com\/blog\/#\/schema\/person\/8467085eeea397781a9e5a5bd0211eab\",\"name\":\"JOMA\",\"image\":{\"@type\":\"ImageObject\",\"inLanguage\":\"es\",\"@id\":\"https:\/\/www.joma-sport.com\/blog\/#\/schema\/person\/image\/\",\"url\":\"https:\/\/secure.gravatar.com\/avatar\/6e6444480edb84ebaf5afa2a3a5cea7e?s=96&d=mm&r=g\",\"contentUrl\":\"https:\/\/secure.gravatar.com\/avatar\/6e6444480edb84ebaf5afa2a3a5cea7e?s=96&d=mm&r=g\",\"caption\":\"JOMA\"},\"url\":\"https:\/\/www.joma-sport.com\/blog\/author\/jomanews\/\"}]}<\/script>\n<!-- \/ Yoast SEO plugin. -->","yoast_head_json":{"title":"El Carlos Barbosa de Joma se proclama campe\u00f3n de la Copa de Brasil - Joma World","robots":{"index":"index","follow":"follow","max-snippet":"max-snippet:-1","max-image-preview":"max-image-preview:large","max-video-preview":"max-video-preview:-1"},"canonical":"https:\/\/www.joma-sport.com\/blog\/el-carlos-barbosa-de-joma-se-proclama-campeon-de-la-copa-de-brasil\/","og_locale":"es_ES","og_type":"article","og_title":"El Carlos Barbosa de Joma se proclama campe\u00f3n de la Copa de Brasil - Joma World","og_description":"El equipo brasile\u00f1o de f\u00fatbol sala ha conseguido el quinto t\u00edtulo de la temporada.","og_url":"https:\/\/www.joma-sport.com\/blog\/el-carlos-barbosa-de-joma-se-proclama-campeon-de-la-copa-de-brasil\/","og_site_name":"Joma World","article_published_time":"2016-03-07T13:00:00+00:00","article_modified_time":"2022-01-20T12:47:33+00:00","og_image":[{"width":696,"height":518,"url":"https:\/\/www.joma-sport.com\/blog\/wp-content\/uploads\/2016\/03\/20160307_101238_carlos-barbosa-blog.jpg","type":"image\/jpeg"}],"author":"JOMA","twitter_card":"summary_large_image","twitter_misc":{"Escrito por":"JOMA","Tiempo de lectura":"1 minuto"},"schema":{"@context":"https:\/\/schema.org","@graph":[{"@type":"WebPage","@id":"https:\/\/www.joma-sport.com\/blog\/el-carlos-barbosa-de-joma-se-proclama-campeon-de-la-copa-de-brasil\/","url":"https:\/\/www.joma-sport.com\/blog\/el-carlos-barbosa-de-joma-se-proclama-campeon-de-la-copa-de-brasil\/","name":"El Carlos Barbosa de Joma se proclama campe\u00f3n de la Copa de Brasil - Joma World","isPartOf":{"@id":"https:\/\/www.joma-sport.com\/blog\/#website"},"datePublished":"2016-03-07T13:00:00+00:00","dateModified":"2022-01-20T12:47:33+00:00","author":{"@id":"https:\/\/www.joma-sport.com\/blog\/#\/schema\/person\/8467085eeea397781a9e5a5bd0211eab"},"inLanguage":"es","potentialAction":[{"@type":"ReadAction","target":["https:\/\/www.joma-sport.com\/blog\/el-carlos-barbosa-de-joma-se-proclama-campeon-de-la-copa-de-brasil\/"]}]},{"@type":"WebSite","@id":"https:\/\/www.joma-sport.com\/blog\/#website","url":"https:\/\/www.joma-sport.com\/blog\/","name":"Joma World","description":"Inside Joma","potentialAction":[{"@type":"SearchAction","target":{"@type":"EntryPoint","urlTemplate":"https:\/\/www.joma-sport.com\/blog\/?s={search_term_string}"},"query-input":"required name=search_term_string"}],"inLanguage":"es"},{"@type":"Person","@id":"https:\/\/www.joma-sport.com\/blog\/#\/schema\/person\/8467085eeea397781a9e5a5bd0211eab","name":"JOMA","image":{"@type":"ImageObject","inLanguage":"es","@id":"https:\/\/www.joma-sport.com\/blog\/#\/schema\/person\/image\/","url":"https:\/\/secure.gravatar.com\/avatar\/6e6444480edb84ebaf5afa2a3a5cea7e?s=96&d=mm&r=g","contentUrl":"https:\/\/secure.gravatar.com\/avatar\/6e6444480edb84ebaf5afa2a3a5cea7e?s=96&d=mm&r=g","caption":"JOMA"},"url":"https:\/\/www.joma-sport.com\/blog\/author\/jomanews\/"}]}},"_links":{"self":[{"href":"https:\/\/www.joma-sport.com\/blog\/wp-json\/wp\/v2\/posts\/48583"}],"collection":[{"href":"https:\/\/www.joma-sport.com\/blog\/wp-json\/wp\/v2\/posts"}],"about":[{"href":"https:\/\/www.joma-sport.com\/blog\/wp-json\/wp\/v2\/types\/post"}],"author":[{"embeddable":true,"href":"https:\/\/www.joma-sport.com\/blog\/wp-json\/wp\/v2\/users\/1"}],"replies":[{"embeddable":true,"href":"https:\/\/www.joma-sport.com\/blog\/wp-json\/wp\/v2\/comments?post=48583"}],"version-history":[{"count":1,"href":"https:\/\/www.joma-sport.com\/blog\/wp-json\/wp\/v2\/posts\/48583\/revisions"}],"predecessor-version":[{"id":50990,"href":"https:\/\/www.joma-sport.com\/blog\/wp-json\/wp\/v2\/posts\/48583\/revisions\/50990"}],"wp:featuredmedia":[{"embeddable":true,"href":"https:\/\/www.joma-sport.com\/blog\/wp-json\/wp\/v2\/media\/22272"}],"wp:attachment":[{"href":"https:\/\/www.joma-sport.com\/blog\/wp-json\/wp\/v2\/media?parent=48583"}],"wp:term":[{"taxonomy":"category","embeddable":true,"href":"https:\/\/www.joma-sport.com\/blog\/wp-json\/wp\/v2\/categories?post=48583"},{"taxonomy":"post_tag","embeddable":true,"href":"https:\/\/www.joma-sport.com\/blog\/wp-json\/wp\/v2\/tags?post=48583"}],"curies":[{"name":"wp","href":"https:\/\/api.w.org\/{rel}","templated":true}]}}