{"id":47947,"date":"2020-06-10T13:00:00","date_gmt":"2020-06-10T13:00:00","guid":{"rendered":"https:\/\/www.joma-sport.com\/blog\/joma-y-cd-leganes-homenajean-a-los-heroes-del-covid-19\/"},"modified":"2022-01-20T12:43:58","modified_gmt":"2022-01-20T12:43:58","slug":"joma-y-cd-leganes-homenajean-a-los-heroes-del-covid-19","status":"publish","type":"post","link":"https:\/\/www.joma-sport.com\/blog\/joma-y-cd-leganes-homenajean-a-los-heroes-del-covid-19\/","title":{"rendered":"Joma y CD Legan\u00e9s homenajean a los h\u00e9roes del COVID-19"},"content":{"rendered":"<p style=\"text-align: justify;\"><span style=\"font-family: 'Calibri',sans-serif;\">El C.D. Legan&eacute;s presenta su tercera equipaci&oacute;n de la pr&oacute;xima temporada 2020\/21, en homenaje a los h&eacute;roes que han luchado en primera l&iacute;nea de batalla en los &uacute;ltimos meses contra la pandemia del Covid-19.&nbsp;El equipo disputar&aacute; con ella su partido de la vig&eacute;simo novena jornada de LaLiga ante el F.C. Barcelona en el Camp Nou.<\/span><\/p>\n<p style=\"text-align: justify;\">El club quiere continuar con esta acci&oacute;n su campa&ntilde;a #GraciasH&eacute;roes, con la que ha querido ayudar en la gesti&oacute;n de la crisis a los ciudadanos de Legan&eacute;s, una de las ciudades m&aacute;s afectadas en n&uacute;mero de casos y de fallecidos a nivel nacional. El club ha llevado a cabo diversas acciones desde su Fundaci&oacute;n, entre otras la creaci&oacute;n de una cuenta bancaria destinada a la ayuda al Hospital Severo Ochoa de la ciudad&nbsp;y a otros sectores y servicios afectados&nbsp;por la pandemia, realizando numerosas donaciones,&nbsp;entre ellas la compra de&nbsp;una nueva ambulancia para Protecci&oacute;n Civil.<\/p>\n<p style=\"text-align: justify;\">Ahora, desde el C.D. Legan&eacute;s se quiere rendir homenaje a todos los profesionales que han peleado en estos meses en primera l&iacute;nea desde sus puestos de trabajo para combatir la enfermedad: sanitarios, m&eacute;dicos, enfermeros, Polic&iacute;a Nacional y local, Guardia Civil, bomberos, protecci&oacute;n civil, trabajadores de los sectores de alimentaci&oacute;n, transporte, limpieza, periodistas, y todos aquellos que han contribuido con su trabajo a ayudar a salir de esta situaci&oacute;n.<\/p>\n<p style=\"text-align: justify;\">Para ello, el club visit&oacute; a representantes de cada uno de estos colectivos de la ciudad para entregarles una carta de agradecimiento de los capitanes Unai Bustinza, Rub&eacute;n P&eacute;rez, Iv&aacute;n Cu&eacute;llar y Alexander Szymanowski, en representaci&oacute;n de la plantilla, y una camiseta de la nueva equipaci&oacute;n con su nombre y el dorsal &#8216;1&#8217;.<\/p>\n<p style=\"text-align: justify;\">La tercera equipaci&oacute;n de color azul, de la marca Joma, sponsor t&eacute;cnico del club, cuenta con detalles en blanco y el lema #GraciasH&eacute;roes en la parte posterior del cuello, se estrenar&aacute; de manera oficial el pr&oacute;ximo martes 16 de junio (22:00 horas), con motivo del partido que el Legan&eacute;s disputar&aacute; ante el F.C. Barcelona en el Camp Nou, correspondiente a la jornada 29 del campeonato.<\/p>\n","protected":false},"excerpt":{"rendered":"<p>Joma y CD Legan\u00e9s homenajean a los h\u00e9roes del COVID-19<\/p>\n","protected":false},"author":1,"featured_media":16367,"comment_status":"closed","ping_status":"closed","sticky":false,"template":"","format":"standard","meta":[],"categories":[1],"tags":[80,73],"yoast_head":"<!-- This site is optimized with the Yoast SEO plugin v21.1 - https:\/\/yoast.com\/wordpress\/plugins\/seo\/ -->\n<title>Joma y CD Legan\u00e9s homenajean a los h\u00e9roes del COVID-19 - Joma World<\/title>\n<meta name=\"robots\" content=\"index, follow, max-snippet:-1, max-image-preview:large, max-video-preview:-1\" \/>\n<link rel=\"canonical\" href=\"https:\/\/www.joma-sport.com\/blog\/joma-y-cd-leganes-homenajean-a-los-heroes-del-covid-19\/\" \/>\n<meta property=\"og:locale\" content=\"es_ES\" \/>\n<meta property=\"og:type\" content=\"article\" \/>\n<meta property=\"og:title\" content=\"Joma y CD Legan\u00e9s homenajean a los h\u00e9roes del COVID-19 - Joma World\" \/>\n<meta property=\"og:description\" content=\"Joma y CD Legan\u00e9s homenajean a los h\u00e9roes del COVID-19\" \/>\n<meta property=\"og:url\" content=\"https:\/\/www.joma-sport.com\/blog\/joma-y-cd-leganes-homenajean-a-los-heroes-del-covid-19\/\" \/>\n<meta property=\"og:site_name\" content=\"Joma World\" \/>\n<meta property=\"article:published_time\" content=\"2020-06-10T13:00:00+00:00\" \/>\n<meta property=\"article:modified_time\" content=\"2022-01-20T12:43:58+00:00\" \/>\n<meta property=\"og:image\" content=\"https:\/\/www.joma-sport.com\/blog\/wp-content\/uploads\/2020\/06\/20200610_135950_sin-titulo-3.jpg\" \/>\n\t<meta property=\"og:image:width\" content=\"696\" \/>\n\t<meta property=\"og:image:height\" content=\"518\" \/>\n\t<meta property=\"og:image:type\" content=\"image\/jpeg\" \/>\n<meta name=\"author\" content=\"JOMA\" \/>\n<meta name=\"twitter:card\" content=\"summary_large_image\" \/>\n<meta name=\"twitter:label1\" content=\"Escrito por\" \/>\n\t<meta name=\"twitter:data1\" content=\"JOMA\" \/>\n\t<meta name=\"twitter:label2\" content=\"Tiempo de lectura\" \/>\n\t<meta name=\"twitter:data2\" content=\"2 minutos\" \/>\n<script type=\"application\/ld+json\" class=\"yoast-schema-graph\">{\"@context\":\"https:\/\/schema.org\",\"@graph\":[{\"@type\":\"WebPage\",\"@id\":\"https:\/\/www.joma-sport.com\/blog\/joma-y-cd-leganes-homenajean-a-los-heroes-del-covid-19\/\",\"url\":\"https:\/\/www.joma-sport.com\/blog\/joma-y-cd-leganes-homenajean-a-los-heroes-del-covid-19\/\",\"name\":\"Joma y CD Legan\u00e9s homenajean a los h\u00e9roes del COVID-19 - Joma World\",\"isPartOf\":{\"@id\":\"https:\/\/www.joma-sport.com\/blog\/#website\"},\"datePublished\":\"2020-06-10T13:00:00+00:00\",\"dateModified\":\"2022-01-20T12:43:58+00:00\",\"author\":{\"@id\":\"https:\/\/www.joma-sport.com\/blog\/#\/schema\/person\/8467085eeea397781a9e5a5bd0211eab\"},\"inLanguage\":\"es\",\"potentialAction\":[{\"@type\":\"ReadAction\",\"target\":[\"https:\/\/www.joma-sport.com\/blog\/joma-y-cd-leganes-homenajean-a-los-heroes-del-covid-19\/\"]}]},{\"@type\":\"WebSite\",\"@id\":\"https:\/\/www.joma-sport.com\/blog\/#website\",\"url\":\"https:\/\/www.joma-sport.com\/blog\/\",\"name\":\"Joma World\",\"description\":\"Inside Joma\",\"potentialAction\":[{\"@type\":\"SearchAction\",\"target\":{\"@type\":\"EntryPoint\",\"urlTemplate\":\"https:\/\/www.joma-sport.com\/blog\/?s={search_term_string}\"},\"query-input\":\"required name=search_term_string\"}],\"inLanguage\":\"es\"},{\"@type\":\"Person\",\"@id\":\"https:\/\/www.joma-sport.com\/blog\/#\/schema\/person\/8467085eeea397781a9e5a5bd0211eab\",\"name\":\"JOMA\",\"image\":{\"@type\":\"ImageObject\",\"inLanguage\":\"es\",\"@id\":\"https:\/\/www.joma-sport.com\/blog\/#\/schema\/person\/image\/\",\"url\":\"https:\/\/secure.gravatar.com\/avatar\/6e6444480edb84ebaf5afa2a3a5cea7e?s=96&d=mm&r=g\",\"contentUrl\":\"https:\/\/secure.gravatar.com\/avatar\/6e6444480edb84ebaf5afa2a3a5cea7e?s=96&d=mm&r=g\",\"caption\":\"JOMA\"},\"url\":\"https:\/\/www.joma-sport.com\/blog\/author\/jomanews\/\"}]}<\/script>\n<!-- \/ Yoast SEO plugin. -->","yoast_head_json":{"title":"Joma y CD Legan\u00e9s homenajean a los h\u00e9roes del COVID-19 - Joma World","robots":{"index":"index","follow":"follow","max-snippet":"max-snippet:-1","max-image-preview":"max-image-preview:large","max-video-preview":"max-video-preview:-1"},"canonical":"https:\/\/www.joma-sport.com\/blog\/joma-y-cd-leganes-homenajean-a-los-heroes-del-covid-19\/","og_locale":"es_ES","og_type":"article","og_title":"Joma y CD Legan\u00e9s homenajean a los h\u00e9roes del COVID-19 - Joma World","og_description":"Joma y CD Legan\u00e9s homenajean a los h\u00e9roes del COVID-19","og_url":"https:\/\/www.joma-sport.com\/blog\/joma-y-cd-leganes-homenajean-a-los-heroes-del-covid-19\/","og_site_name":"Joma World","article_published_time":"2020-06-10T13:00:00+00:00","article_modified_time":"2022-01-20T12:43:58+00:00","og_image":[{"width":696,"height":518,"url":"https:\/\/www.joma-sport.com\/blog\/wp-content\/uploads\/2020\/06\/20200610_135950_sin-titulo-3.jpg","type":"image\/jpeg"}],"author":"JOMA","twitter_card":"summary_large_image","twitter_misc":{"Escrito por":"JOMA","Tiempo de lectura":"2 minutos"},"schema":{"@context":"https:\/\/schema.org","@graph":[{"@type":"WebPage","@id":"https:\/\/www.joma-sport.com\/blog\/joma-y-cd-leganes-homenajean-a-los-heroes-del-covid-19\/","url":"https:\/\/www.joma-sport.com\/blog\/joma-y-cd-leganes-homenajean-a-los-heroes-del-covid-19\/","name":"Joma y CD Legan\u00e9s homenajean a los h\u00e9roes del COVID-19 - Joma World","isPartOf":{"@id":"https:\/\/www.joma-sport.com\/blog\/#website"},"datePublished":"2020-06-10T13:00:00+00:00","dateModified":"2022-01-20T12:43:58+00:00","author":{"@id":"https:\/\/www.joma-sport.com\/blog\/#\/schema\/person\/8467085eeea397781a9e5a5bd0211eab"},"inLanguage":"es","potentialAction":[{"@type":"ReadAction","target":["https:\/\/www.joma-sport.com\/blog\/joma-y-cd-leganes-homenajean-a-los-heroes-del-covid-19\/"]}]},{"@type":"WebSite","@id":"https:\/\/www.joma-sport.com\/blog\/#website","url":"https:\/\/www.joma-sport.com\/blog\/","name":"Joma World","description":"Inside Joma","potentialAction":[{"@type":"SearchAction","target":{"@type":"EntryPoint","urlTemplate":"https:\/\/www.joma-sport.com\/blog\/?s={search_term_string}"},"query-input":"required name=search_term_string"}],"inLanguage":"es"},{"@type":"Person","@id":"https:\/\/www.joma-sport.com\/blog\/#\/schema\/person\/8467085eeea397781a9e5a5bd0211eab","name":"JOMA","image":{"@type":"ImageObject","inLanguage":"es","@id":"https:\/\/www.joma-sport.com\/blog\/#\/schema\/person\/image\/","url":"https:\/\/secure.gravatar.com\/avatar\/6e6444480edb84ebaf5afa2a3a5cea7e?s=96&d=mm&r=g","contentUrl":"https:\/\/secure.gravatar.com\/avatar\/6e6444480edb84ebaf5afa2a3a5cea7e?s=96&d=mm&r=g","caption":"JOMA"},"url":"https:\/\/www.joma-sport.com\/blog\/author\/jomanews\/"}]}},"_links":{"self":[{"href":"https:\/\/www.joma-sport.com\/blog\/wp-json\/wp\/v2\/posts\/47947"}],"collection":[{"href":"https:\/\/www.joma-sport.com\/blog\/wp-json\/wp\/v2\/posts"}],"about":[{"href":"https:\/\/www.joma-sport.com\/blog\/wp-json\/wp\/v2\/types\/post"}],"author":[{"embeddable":true,"href":"https:\/\/www.joma-sport.com\/blog\/wp-json\/wp\/v2\/users\/1"}],"replies":[{"embeddable":true,"href":"https:\/\/www.joma-sport.com\/blog\/wp-json\/wp\/v2\/comments?post=47947"}],"version-history":[{"count":1,"href":"https:\/\/www.joma-sport.com\/blog\/wp-json\/wp\/v2\/posts\/47947\/revisions"}],"predecessor-version":[{"id":50394,"href":"https:\/\/www.joma-sport.com\/blog\/wp-json\/wp\/v2\/posts\/47947\/revisions\/50394"}],"wp:featuredmedia":[{"embeddable":true,"href":"https:\/\/www.joma-sport.com\/blog\/wp-json\/wp\/v2\/media\/16367"}],"wp:attachment":[{"href":"https:\/\/www.joma-sport.com\/blog\/wp-json\/wp\/v2\/media?parent=47947"}],"wp:term":[{"taxonomy":"category","embeddable":true,"href":"https:\/\/www.joma-sport.com\/blog\/wp-json\/wp\/v2\/categories?post=47947"},{"taxonomy":"post_tag","embeddable":true,"href":"https:\/\/www.joma-sport.com\/blog\/wp-json\/wp\/v2\/tags?post=47947"}],"curies":[{"name":"wp","href":"https:\/\/api.w.org\/{rel}","templated":true}]}}