{"id":47726,"date":"2020-05-11T13:00:00","date_gmt":"2020-05-11T13:00:00","guid":{"rendered":"https:\/\/www.joma-sport.com\/blog\/comunicado-el-club-lanzara-una-campana-de-abonos-mas-asequible-para-compensar-los-efectos-del-covid-19\/"},"modified":"2022-06-02T14:58:10","modified_gmt":"2022-06-02T14:58:10","slug":"comunicado-el-club-lanzara-una-campana-de-abonos-mas-asequible-para-compensar-los-efectos-del-covid-19","status":"publish","type":"post","link":"https:\/\/www.joma-sport.com\/blog\/comunicado-el-club-lanzara-una-campana-de-abonos-mas-asequible-para-compensar-los-efectos-del-covid-19\/","title":{"rendered":"COMUNICADO | El Club lanzar\u00e1 una campa\u00f1a de abonos m\u00e1s asequible para compensar los efectos del COVID-19"},"content":{"rendered":"<p>El club dise&ntilde;ar&aacute; la&nbsp;<strong>campa&ntilde;a de abonos m&aacute;s social y asequible de la historia para compensar los efectos del COVID-19&nbsp;<\/strong>y ayudar a los interistas m&aacute;s vulnerables. Se presentar&aacute;n&nbsp;<strong>descuentos importantes<\/strong>&nbsp;y&nbsp;<strong>tarifas reducidas<\/strong>&nbsp;para&nbsp;<strong>desempleados,<\/strong>&nbsp;ni&ntilde;os y j&oacute;venes de&nbsp;<strong>0 a 18 a&ntilde;os<\/strong>&nbsp;y&nbsp;<strong>mayores de 65 a&ntilde;os.<\/strong><\/p>\n<div><\/p>\n<div>Y lo m&aacute;s importante, los abonados podr&aacute;n acceder de forma&nbsp;<strong>gratuita&nbsp;<\/strong>a&nbsp;<strong>contenidos digitales exclusivos, activaciones con jugadores<\/strong>&nbsp;y un amplio&nbsp;<strong>cat&aacute;logo de ofertas y promociones<\/strong>&nbsp;de empresas y comercios colaboradores.<\/div>\n<div>&nbsp;<\/div>\n<div>Link a nuestro canal de Youtube:&nbsp;<a href=\"https:\/\/www.youtube.com\/watch?v=yws9u4jHiQc&amp;feature=youtu.be\">https:\/\/www.youtube.com\/watch?v=yws9u4jHiQc&amp;feature=youtu.be<\/a><\/div>\n<div>&nbsp;<\/div>\n<\/div>\n","protected":false},"excerpt":{"rendered":"<p>El club dise\u00f1ar\u00e1 la campa\u00f1a de abonos m\u00e1s social y asequible de la historia para compensar los efectos del COVID-19 y ayudar a los interistas m\u00e1s vulnerables.<\/p>\n","protected":false},"author":1,"featured_media":54930,"comment_status":"closed","ping_status":"closed","sticky":false,"template":"","format":"standard","meta":[],"categories":[91],"tags":[76,73],"yoast_head":"<!-- This site is optimized with the Yoast SEO plugin v21.1 - https:\/\/yoast.com\/wordpress\/plugins\/seo\/ -->\n<title>COMUNICADO | El Club lanzar\u00e1 una campa\u00f1a de abonos m\u00e1s asequible para compensar los efectos del COVID-19 - Joma World<\/title>\n<meta name=\"robots\" content=\"index, follow, max-snippet:-1, max-image-preview:large, max-video-preview:-1\" \/>\n<link rel=\"canonical\" href=\"https:\/\/www.joma-sport.com\/blog\/comunicado-el-club-lanzara-una-campana-de-abonos-mas-asequible-para-compensar-los-efectos-del-covid-19\/\" \/>\n<meta property=\"og:locale\" content=\"es_ES\" \/>\n<meta property=\"og:type\" content=\"article\" \/>\n<meta property=\"og:title\" content=\"COMUNICADO | El Club lanzar\u00e1 una campa\u00f1a de abonos m\u00e1s asequible para compensar los efectos del COVID-19 - Joma World\" \/>\n<meta property=\"og:description\" content=\"El club dise\u00f1ar\u00e1 la campa\u00f1a de abonos m\u00e1s social y asequible de la historia para compensar los efectos del COVID-19 y ayudar a los interistas m\u00e1s vulnerables.\" \/>\n<meta property=\"og:url\" content=\"https:\/\/www.joma-sport.com\/blog\/comunicado-el-club-lanzara-una-campana-de-abonos-mas-asequible-para-compensar-los-efectos-del-covid-19\/\" \/>\n<meta property=\"og:site_name\" content=\"Joma World\" \/>\n<meta property=\"article:published_time\" content=\"2020-05-11T13:00:00+00:00\" \/>\n<meta property=\"article:modified_time\" content=\"2022-06-02T14:58:10+00:00\" \/>\n<meta property=\"og:image\" content=\"https:\/\/www.joma-sport.com\/blog\/wp-content\/uploads\/2020\/05\/El-Club-Lanzara-Una-Campana-De-Abonos-Mas-Asequible-Para-Compensar-Los-Efectos-Del-COVID-19.jpg\" \/>\n\t<meta property=\"og:image:width\" content=\"888\" \/>\n\t<meta property=\"og:image:height\" content=\"661\" \/>\n\t<meta property=\"og:image:type\" content=\"image\/jpeg\" \/>\n<meta name=\"author\" content=\"JOMA\" \/>\n<meta name=\"twitter:card\" content=\"summary_large_image\" \/>\n<meta name=\"twitter:label1\" content=\"Escrito por\" \/>\n\t<meta name=\"twitter:data1\" content=\"JOMA\" \/>\n\t<meta name=\"twitter:label2\" content=\"Tiempo de lectura\" \/>\n\t<meta name=\"twitter:data2\" content=\"1 minuto\" \/>\n<script type=\"application\/ld+json\" class=\"yoast-schema-graph\">{\"@context\":\"https:\/\/schema.org\",\"@graph\":[{\"@type\":\"WebPage\",\"@id\":\"https:\/\/www.joma-sport.com\/blog\/comunicado-el-club-lanzara-una-campana-de-abonos-mas-asequible-para-compensar-los-efectos-del-covid-19\/\",\"url\":\"https:\/\/www.joma-sport.com\/blog\/comunicado-el-club-lanzara-una-campana-de-abonos-mas-asequible-para-compensar-los-efectos-del-covid-19\/\",\"name\":\"COMUNICADO | El Club lanzar\u00e1 una campa\u00f1a de abonos m\u00e1s asequible para compensar los efectos del COVID-19 - Joma World\",\"isPartOf\":{\"@id\":\"https:\/\/www.joma-sport.com\/blog\/#website\"},\"datePublished\":\"2020-05-11T13:00:00+00:00\",\"dateModified\":\"2022-06-02T14:58:10+00:00\",\"author\":{\"@id\":\"https:\/\/www.joma-sport.com\/blog\/#\/schema\/person\/8467085eeea397781a9e5a5bd0211eab\"},\"inLanguage\":\"es\",\"potentialAction\":[{\"@type\":\"ReadAction\",\"target\":[\"https:\/\/www.joma-sport.com\/blog\/comunicado-el-club-lanzara-una-campana-de-abonos-mas-asequible-para-compensar-los-efectos-del-covid-19\/\"]}]},{\"@type\":\"WebSite\",\"@id\":\"https:\/\/www.joma-sport.com\/blog\/#website\",\"url\":\"https:\/\/www.joma-sport.com\/blog\/\",\"name\":\"Joma World\",\"description\":\"Inside Joma\",\"potentialAction\":[{\"@type\":\"SearchAction\",\"target\":{\"@type\":\"EntryPoint\",\"urlTemplate\":\"https:\/\/www.joma-sport.com\/blog\/?s={search_term_string}\"},\"query-input\":\"required name=search_term_string\"}],\"inLanguage\":\"es\"},{\"@type\":\"Person\",\"@id\":\"https:\/\/www.joma-sport.com\/blog\/#\/schema\/person\/8467085eeea397781a9e5a5bd0211eab\",\"name\":\"JOMA\",\"image\":{\"@type\":\"ImageObject\",\"inLanguage\":\"es\",\"@id\":\"https:\/\/www.joma-sport.com\/blog\/#\/schema\/person\/image\/\",\"url\":\"https:\/\/secure.gravatar.com\/avatar\/6e6444480edb84ebaf5afa2a3a5cea7e?s=96&d=mm&r=g\",\"contentUrl\":\"https:\/\/secure.gravatar.com\/avatar\/6e6444480edb84ebaf5afa2a3a5cea7e?s=96&d=mm&r=g\",\"caption\":\"JOMA\"},\"url\":\"https:\/\/www.joma-sport.com\/blog\/author\/jomanews\/\"}]}<\/script>\n<!-- \/ Yoast SEO plugin. -->","yoast_head_json":{"title":"COMUNICADO | El Club lanzar\u00e1 una campa\u00f1a de abonos m\u00e1s asequible para compensar los efectos del COVID-19 - Joma World","robots":{"index":"index","follow":"follow","max-snippet":"max-snippet:-1","max-image-preview":"max-image-preview:large","max-video-preview":"max-video-preview:-1"},"canonical":"https:\/\/www.joma-sport.com\/blog\/comunicado-el-club-lanzara-una-campana-de-abonos-mas-asequible-para-compensar-los-efectos-del-covid-19\/","og_locale":"es_ES","og_type":"article","og_title":"COMUNICADO | El Club lanzar\u00e1 una campa\u00f1a de abonos m\u00e1s asequible para compensar los efectos del COVID-19 - Joma World","og_description":"El club dise\u00f1ar\u00e1 la campa\u00f1a de abonos m\u00e1s social y asequible de la historia para compensar los efectos del COVID-19 y ayudar a los interistas m\u00e1s vulnerables.","og_url":"https:\/\/www.joma-sport.com\/blog\/comunicado-el-club-lanzara-una-campana-de-abonos-mas-asequible-para-compensar-los-efectos-del-covid-19\/","og_site_name":"Joma World","article_published_time":"2020-05-11T13:00:00+00:00","article_modified_time":"2022-06-02T14:58:10+00:00","og_image":[{"width":888,"height":661,"url":"https:\/\/www.joma-sport.com\/blog\/wp-content\/uploads\/2020\/05\/El-Club-Lanzara-Una-Campana-De-Abonos-Mas-Asequible-Para-Compensar-Los-Efectos-Del-COVID-19.jpg","type":"image\/jpeg"}],"author":"JOMA","twitter_card":"summary_large_image","twitter_misc":{"Escrito por":"JOMA","Tiempo de lectura":"1 minuto"},"schema":{"@context":"https:\/\/schema.org","@graph":[{"@type":"WebPage","@id":"https:\/\/www.joma-sport.com\/blog\/comunicado-el-club-lanzara-una-campana-de-abonos-mas-asequible-para-compensar-los-efectos-del-covid-19\/","url":"https:\/\/www.joma-sport.com\/blog\/comunicado-el-club-lanzara-una-campana-de-abonos-mas-asequible-para-compensar-los-efectos-del-covid-19\/","name":"COMUNICADO | El Club lanzar\u00e1 una campa\u00f1a de abonos m\u00e1s asequible para compensar los efectos del COVID-19 - Joma World","isPartOf":{"@id":"https:\/\/www.joma-sport.com\/blog\/#website"},"datePublished":"2020-05-11T13:00:00+00:00","dateModified":"2022-06-02T14:58:10+00:00","author":{"@id":"https:\/\/www.joma-sport.com\/blog\/#\/schema\/person\/8467085eeea397781a9e5a5bd0211eab"},"inLanguage":"es","potentialAction":[{"@type":"ReadAction","target":["https:\/\/www.joma-sport.com\/blog\/comunicado-el-club-lanzara-una-campana-de-abonos-mas-asequible-para-compensar-los-efectos-del-covid-19\/"]}]},{"@type":"WebSite","@id":"https:\/\/www.joma-sport.com\/blog\/#website","url":"https:\/\/www.joma-sport.com\/blog\/","name":"Joma World","description":"Inside Joma","potentialAction":[{"@type":"SearchAction","target":{"@type":"EntryPoint","urlTemplate":"https:\/\/www.joma-sport.com\/blog\/?s={search_term_string}"},"query-input":"required name=search_term_string"}],"inLanguage":"es"},{"@type":"Person","@id":"https:\/\/www.joma-sport.com\/blog\/#\/schema\/person\/8467085eeea397781a9e5a5bd0211eab","name":"JOMA","image":{"@type":"ImageObject","inLanguage":"es","@id":"https:\/\/www.joma-sport.com\/blog\/#\/schema\/person\/image\/","url":"https:\/\/secure.gravatar.com\/avatar\/6e6444480edb84ebaf5afa2a3a5cea7e?s=96&d=mm&r=g","contentUrl":"https:\/\/secure.gravatar.com\/avatar\/6e6444480edb84ebaf5afa2a3a5cea7e?s=96&d=mm&r=g","caption":"JOMA"},"url":"https:\/\/www.joma-sport.com\/blog\/author\/jomanews\/"}]}},"_links":{"self":[{"href":"https:\/\/www.joma-sport.com\/blog\/wp-json\/wp\/v2\/posts\/47726"}],"collection":[{"href":"https:\/\/www.joma-sport.com\/blog\/wp-json\/wp\/v2\/posts"}],"about":[{"href":"https:\/\/www.joma-sport.com\/blog\/wp-json\/wp\/v2\/types\/post"}],"author":[{"embeddable":true,"href":"https:\/\/www.joma-sport.com\/blog\/wp-json\/wp\/v2\/users\/1"}],"replies":[{"embeddable":true,"href":"https:\/\/www.joma-sport.com\/blog\/wp-json\/wp\/v2\/comments?post=47726"}],"version-history":[{"count":1,"href":"https:\/\/www.joma-sport.com\/blog\/wp-json\/wp\/v2\/posts\/47726\/revisions"}],"predecessor-version":[{"id":54939,"href":"https:\/\/www.joma-sport.com\/blog\/wp-json\/wp\/v2\/posts\/47726\/revisions\/54939"}],"wp:featuredmedia":[{"embeddable":true,"href":"https:\/\/www.joma-sport.com\/blog\/wp-json\/wp\/v2\/media\/54930"}],"wp:attachment":[{"href":"https:\/\/www.joma-sport.com\/blog\/wp-json\/wp\/v2\/media?parent=47726"}],"wp:term":[{"taxonomy":"category","embeddable":true,"href":"https:\/\/www.joma-sport.com\/blog\/wp-json\/wp\/v2\/categories?post=47726"},{"taxonomy":"post_tag","embeddable":true,"href":"https:\/\/www.joma-sport.com\/blog\/wp-json\/wp\/v2\/tags?post=47726"}],"curies":[{"name":"wp","href":"https:\/\/api.w.org\/{rel}","templated":true}]}}