{"id":47719,"date":"2020-05-13T13:00:00","date_gmt":"2020-05-13T13:00:00","guid":{"rendered":"https:\/\/www.joma-sport.com\/blog\/la-rfef-se-reune-con-todos-los-clubes-de-futbol-sala-para-explicar-la-resolucion-de-esta-temporada-y-avanzar-en-la-siguiente\/"},"modified":"2022-01-20T12:42:42","modified_gmt":"2022-01-20T12:42:42","slug":"la-rfef-se-reune-con-todos-los-clubes-de-futbol-sala-para-explicar-la-resolucion-de-esta-temporada-y-avanzar-en-la-siguiente","status":"publish","type":"post","link":"https:\/\/www.joma-sport.com\/blog\/la-rfef-se-reune-con-todos-los-clubes-de-futbol-sala-para-explicar-la-resolucion-de-esta-temporada-y-avanzar-en-la-siguiente\/","title":{"rendered":"La RFEF se re\u00fane con todos los clubes de f\u00fatbol sala para explicar la resoluci\u00f3n de esta temporada y avanzar en la siguiente"},"content":{"rendered":"<p><strong>La Real Federaci&oacute;n Espa&ntilde;ola de F&uacute;tbol, presidida de Luis Rubiales, se ha reunido este mi&eacute;rcoles con la totalidad de los clubes de Primera Divisi&oacute;n de F&uacute;tbol Sala, as&iacute; como con todos los clubes de Segunda Divisi&oacute;n de F&uacute;tbol Sala .<br \/><\/strong><br \/>En este encuentro, que ha contado con plena representaci&oacute;n de los clubes, se han detallado los pasos a seguir para la finalizaci&oacute;n de las competiciones. Adem&aacute;s, se han expuesto tambi&eacute;n los principales puntos que afectar&aacute;n a la organizaci&oacute;n de la nueva campa&ntilde;a, la temporada 2020\/2021. Con el objetivo de dotar de una mayor profesionalizaci&oacute;n a los equipos, se ha avanzado en la puesta en pr&aacute;ctica de un control financiero, entre otros aspectos.<\/p>\n<p>Desde la Real Federaci&oacute;n Espa&ntilde;ola de F&uacute;tbol se apuesta por el cambio de filosof&iacute;a en la estructura organizativa, en la que el retorno y el beneficio sea el mayor posible para los clubes. En este caso, los clubes no tendr&aacute;n que realizar cuotas de inscripci&oacute;n en las competiciones, como s&iacute; las hab&iacute;a anteriormente en la Liga Nacional de F&uacute;tbol Sala. Los clubes tambi&eacute;n recibir&aacute;n determinadas cantidades econ&oacute;micas por participar en las competiciones organizadas por la RFEF.<\/p>\n<p>Los clubes tambi&eacute;n han escuchado las diversas propuestas audiovisuales que plantea la Federaci&oacute;n, no solo desde el punto de vista televisivo, sino tambi&eacute;n de contenidos y formatos novedosos. La finalidad es innovar e ir un paso m&aacute;s all&aacute; para acercar el f&uacute;tbol sala a todos los aficionados.<\/p>\n<p>Este tipo de encuentros con los clubes como el de hoy, en el que se han aclarado todas las dudas y cuestiones planteadas, van a ser peri&oacute;dicos en los pr&oacute;ximos d&iacute;as y semanas con objeto de mantener un di&aacute;logo productivo de cara a todas las competiciones que arrancar&aacute;n en los pr&oacute;ximos meses. El presidente Luis Rubiales ha vuelto a mostrar su apoyo y el de toda la Federaci&oacute;n al f&uacute;tbol sala. De hecho, las acciones planteadas por la RFEF buscan un &uacute;nico objetivo com&uacute;n: potenciar y dar visibilidad al f&uacute;tbol sala y a las diferentes competiciones.&nbsp;<\/p>\n<p>Por su parte, los clubes han entendido que comienza una nueva &eacute;poca en el f&uacute;tbol sala nacional y en sus competiciones, a la vez que han mostrado su disposici&oacute;n a colaborar con la Real Federaci&oacute;n Espa&ntilde;ola de F&uacute;tbol.&nbsp;<\/p>\n<p>Adem&aacute;s del presidente Luis Rubiales, tambi&eacute;n han participado en la videoconferencia el vicepresidente de la RFEF y presidente del Comit&eacute; Nacional de F&uacute;tbol Sala -Pedro Rocha-, el secretario general de la RFEF -Andreu Camps-, el Director de Competiciones -Alfredo Olivares-, los responsables de todos los departamentos de la Federaci&oacute;n y los directivos de los diferentes clubes de f&uacute;tbol sala.<\/p>\n","protected":false},"excerpt":{"rendered":"<p>La Real Federaci\u00f3n Espa\u00f1ola de F\u00fatbol, presidida de Luis Rubiales, se ha reunido este mi\u00e9rcoles con la totalidad de los clubes de Primera Divisi\u00f3n de F\u00fatbol Sala, as\u00ed como con todos los clubes de Segunda Divisi\u00f3n de F\u00fatbol Sala.<\/p>\n","protected":false},"author":1,"featured_media":15932,"comment_status":"closed","ping_status":"closed","sticky":false,"template":"","format":"standard","meta":[],"categories":[91],"tags":[76,73],"yoast_head":"<!-- This site is optimized with the Yoast SEO plugin v21.1 - https:\/\/yoast.com\/wordpress\/plugins\/seo\/ -->\n<title>La RFEF se re\u00fane con todos los clubes de f\u00fatbol sala para explicar la resoluci\u00f3n de esta temporada y avanzar en la siguiente - Joma World<\/title>\n<meta name=\"robots\" content=\"index, follow, max-snippet:-1, max-image-preview:large, max-video-preview:-1\" \/>\n<link rel=\"canonical\" href=\"https:\/\/www.joma-sport.com\/blog\/la-rfef-se-reune-con-todos-los-clubes-de-futbol-sala-para-explicar-la-resolucion-de-esta-temporada-y-avanzar-en-la-siguiente\/\" \/>\n<meta property=\"og:locale\" content=\"es_ES\" \/>\n<meta property=\"og:type\" content=\"article\" \/>\n<meta property=\"og:title\" content=\"La RFEF se re\u00fane con todos los clubes de f\u00fatbol sala para explicar la resoluci\u00f3n de esta temporada y avanzar en la siguiente - Joma World\" \/>\n<meta property=\"og:description\" content=\"La Real Federaci\u00f3n Espa\u00f1ola de F\u00fatbol, presidida de Luis Rubiales, se ha reunido este mi\u00e9rcoles con la totalidad de los clubes de Primera Divisi\u00f3n de F\u00fatbol Sala, as\u00ed como con todos los clubes de Segunda Divisi\u00f3n de F\u00fatbol Sala.\" \/>\n<meta property=\"og:url\" content=\"https:\/\/www.joma-sport.com\/blog\/la-rfef-se-reune-con-todos-los-clubes-de-futbol-sala-para-explicar-la-resolucion-de-esta-temporada-y-avanzar-en-la-siguiente\/\" \/>\n<meta property=\"og:site_name\" content=\"Joma World\" \/>\n<meta property=\"article:published_time\" content=\"2020-05-13T13:00:00+00:00\" \/>\n<meta property=\"article:modified_time\" content=\"2022-01-20T12:42:42+00:00\" \/>\n<meta property=\"og:image\" content=\"https:\/\/www.joma-sport.com\/blog\/wp-content\/uploads\/2020\/05\/20210310_102108_14-escudos-futbol-espanna.jpg\" \/>\n\t<meta property=\"og:image:width\" content=\"888\" \/>\n\t<meta property=\"og:image:height\" content=\"661\" \/>\n\t<meta property=\"og:image:type\" content=\"image\/jpeg\" \/>\n<meta name=\"author\" content=\"JOMA\" \/>\n<meta name=\"twitter:card\" content=\"summary_large_image\" \/>\n<meta name=\"twitter:label1\" content=\"Escrito por\" \/>\n\t<meta name=\"twitter:data1\" content=\"JOMA\" \/>\n\t<meta name=\"twitter:label2\" content=\"Tiempo de lectura\" \/>\n\t<meta name=\"twitter:data2\" content=\"3 minutos\" \/>\n<script type=\"application\/ld+json\" class=\"yoast-schema-graph\">{\"@context\":\"https:\/\/schema.org\",\"@graph\":[{\"@type\":\"WebPage\",\"@id\":\"https:\/\/www.joma-sport.com\/blog\/la-rfef-se-reune-con-todos-los-clubes-de-futbol-sala-para-explicar-la-resolucion-de-esta-temporada-y-avanzar-en-la-siguiente\/\",\"url\":\"https:\/\/www.joma-sport.com\/blog\/la-rfef-se-reune-con-todos-los-clubes-de-futbol-sala-para-explicar-la-resolucion-de-esta-temporada-y-avanzar-en-la-siguiente\/\",\"name\":\"La RFEF se re\u00fane con todos los clubes de f\u00fatbol sala para explicar la resoluci\u00f3n de esta temporada y avanzar en la siguiente - Joma World\",\"isPartOf\":{\"@id\":\"https:\/\/www.joma-sport.com\/blog\/#website\"},\"datePublished\":\"2020-05-13T13:00:00+00:00\",\"dateModified\":\"2022-01-20T12:42:42+00:00\",\"author\":{\"@id\":\"https:\/\/www.joma-sport.com\/blog\/#\/schema\/person\/8467085eeea397781a9e5a5bd0211eab\"},\"inLanguage\":\"es\",\"potentialAction\":[{\"@type\":\"ReadAction\",\"target\":[\"https:\/\/www.joma-sport.com\/blog\/la-rfef-se-reune-con-todos-los-clubes-de-futbol-sala-para-explicar-la-resolucion-de-esta-temporada-y-avanzar-en-la-siguiente\/\"]}]},{\"@type\":\"WebSite\",\"@id\":\"https:\/\/www.joma-sport.com\/blog\/#website\",\"url\":\"https:\/\/www.joma-sport.com\/blog\/\",\"name\":\"Joma World\",\"description\":\"Inside Joma\",\"potentialAction\":[{\"@type\":\"SearchAction\",\"target\":{\"@type\":\"EntryPoint\",\"urlTemplate\":\"https:\/\/www.joma-sport.com\/blog\/?s={search_term_string}\"},\"query-input\":\"required name=search_term_string\"}],\"inLanguage\":\"es\"},{\"@type\":\"Person\",\"@id\":\"https:\/\/www.joma-sport.com\/blog\/#\/schema\/person\/8467085eeea397781a9e5a5bd0211eab\",\"name\":\"JOMA\",\"image\":{\"@type\":\"ImageObject\",\"inLanguage\":\"es\",\"@id\":\"https:\/\/www.joma-sport.com\/blog\/#\/schema\/person\/image\/\",\"url\":\"https:\/\/secure.gravatar.com\/avatar\/6e6444480edb84ebaf5afa2a3a5cea7e?s=96&d=mm&r=g\",\"contentUrl\":\"https:\/\/secure.gravatar.com\/avatar\/6e6444480edb84ebaf5afa2a3a5cea7e?s=96&d=mm&r=g\",\"caption\":\"JOMA\"},\"url\":\"https:\/\/www.joma-sport.com\/blog\/author\/jomanews\/\"}]}<\/script>\n<!-- \/ Yoast SEO plugin. -->","yoast_head_json":{"title":"La RFEF se re\u00fane con todos los clubes de f\u00fatbol sala para explicar la resoluci\u00f3n de esta temporada y avanzar en la siguiente - Joma World","robots":{"index":"index","follow":"follow","max-snippet":"max-snippet:-1","max-image-preview":"max-image-preview:large","max-video-preview":"max-video-preview:-1"},"canonical":"https:\/\/www.joma-sport.com\/blog\/la-rfef-se-reune-con-todos-los-clubes-de-futbol-sala-para-explicar-la-resolucion-de-esta-temporada-y-avanzar-en-la-siguiente\/","og_locale":"es_ES","og_type":"article","og_title":"La RFEF se re\u00fane con todos los clubes de f\u00fatbol sala para explicar la resoluci\u00f3n de esta temporada y avanzar en la siguiente - Joma World","og_description":"La Real Federaci\u00f3n Espa\u00f1ola de F\u00fatbol, presidida de Luis Rubiales, se ha reunido este mi\u00e9rcoles con la totalidad de los clubes de Primera Divisi\u00f3n de F\u00fatbol Sala, as\u00ed como con todos los clubes de Segunda Divisi\u00f3n de F\u00fatbol Sala.","og_url":"https:\/\/www.joma-sport.com\/blog\/la-rfef-se-reune-con-todos-los-clubes-de-futbol-sala-para-explicar-la-resolucion-de-esta-temporada-y-avanzar-en-la-siguiente\/","og_site_name":"Joma World","article_published_time":"2020-05-13T13:00:00+00:00","article_modified_time":"2022-01-20T12:42:42+00:00","og_image":[{"width":888,"height":661,"url":"https:\/\/www.joma-sport.com\/blog\/wp-content\/uploads\/2020\/05\/20210310_102108_14-escudos-futbol-espanna.jpg","type":"image\/jpeg"}],"author":"JOMA","twitter_card":"summary_large_image","twitter_misc":{"Escrito por":"JOMA","Tiempo de lectura":"3 minutos"},"schema":{"@context":"https:\/\/schema.org","@graph":[{"@type":"WebPage","@id":"https:\/\/www.joma-sport.com\/blog\/la-rfef-se-reune-con-todos-los-clubes-de-futbol-sala-para-explicar-la-resolucion-de-esta-temporada-y-avanzar-en-la-siguiente\/","url":"https:\/\/www.joma-sport.com\/blog\/la-rfef-se-reune-con-todos-los-clubes-de-futbol-sala-para-explicar-la-resolucion-de-esta-temporada-y-avanzar-en-la-siguiente\/","name":"La RFEF se re\u00fane con todos los clubes de f\u00fatbol sala para explicar la resoluci\u00f3n de esta temporada y avanzar en la siguiente - Joma World","isPartOf":{"@id":"https:\/\/www.joma-sport.com\/blog\/#website"},"datePublished":"2020-05-13T13:00:00+00:00","dateModified":"2022-01-20T12:42:42+00:00","author":{"@id":"https:\/\/www.joma-sport.com\/blog\/#\/schema\/person\/8467085eeea397781a9e5a5bd0211eab"},"inLanguage":"es","potentialAction":[{"@type":"ReadAction","target":["https:\/\/www.joma-sport.com\/blog\/la-rfef-se-reune-con-todos-los-clubes-de-futbol-sala-para-explicar-la-resolucion-de-esta-temporada-y-avanzar-en-la-siguiente\/"]}]},{"@type":"WebSite","@id":"https:\/\/www.joma-sport.com\/blog\/#website","url":"https:\/\/www.joma-sport.com\/blog\/","name":"Joma World","description":"Inside Joma","potentialAction":[{"@type":"SearchAction","target":{"@type":"EntryPoint","urlTemplate":"https:\/\/www.joma-sport.com\/blog\/?s={search_term_string}"},"query-input":"required name=search_term_string"}],"inLanguage":"es"},{"@type":"Person","@id":"https:\/\/www.joma-sport.com\/blog\/#\/schema\/person\/8467085eeea397781a9e5a5bd0211eab","name":"JOMA","image":{"@type":"ImageObject","inLanguage":"es","@id":"https:\/\/www.joma-sport.com\/blog\/#\/schema\/person\/image\/","url":"https:\/\/secure.gravatar.com\/avatar\/6e6444480edb84ebaf5afa2a3a5cea7e?s=96&d=mm&r=g","contentUrl":"https:\/\/secure.gravatar.com\/avatar\/6e6444480edb84ebaf5afa2a3a5cea7e?s=96&d=mm&r=g","caption":"JOMA"},"url":"https:\/\/www.joma-sport.com\/blog\/author\/jomanews\/"}]}},"_links":{"self":[{"href":"https:\/\/www.joma-sport.com\/blog\/wp-json\/wp\/v2\/posts\/47719"}],"collection":[{"href":"https:\/\/www.joma-sport.com\/blog\/wp-json\/wp\/v2\/posts"}],"about":[{"href":"https:\/\/www.joma-sport.com\/blog\/wp-json\/wp\/v2\/types\/post"}],"author":[{"embeddable":true,"href":"https:\/\/www.joma-sport.com\/blog\/wp-json\/wp\/v2\/users\/1"}],"replies":[{"embeddable":true,"href":"https:\/\/www.joma-sport.com\/blog\/wp-json\/wp\/v2\/comments?post=47719"}],"version-history":[{"count":1,"href":"https:\/\/www.joma-sport.com\/blog\/wp-json\/wp\/v2\/posts\/47719\/revisions"}],"predecessor-version":[{"id":50180,"href":"https:\/\/www.joma-sport.com\/blog\/wp-json\/wp\/v2\/posts\/47719\/revisions\/50180"}],"wp:featuredmedia":[{"embeddable":true,"href":"https:\/\/www.joma-sport.com\/blog\/wp-json\/wp\/v2\/media\/15932"}],"wp:attachment":[{"href":"https:\/\/www.joma-sport.com\/blog\/wp-json\/wp\/v2\/media?parent=47719"}],"wp:term":[{"taxonomy":"category","embeddable":true,"href":"https:\/\/www.joma-sport.com\/blog\/wp-json\/wp\/v2\/categories?post=47719"},{"taxonomy":"post_tag","embeddable":true,"href":"https:\/\/www.joma-sport.com\/blog\/wp-json\/wp\/v2\/tags?post=47719"}],"curies":[{"name":"wp","href":"https:\/\/api.w.org\/{rel}","templated":true}]}}