{"id":128950,"date":"2026-09-01T11:52:36","date_gmt":"2026-09-01T11:52:36","guid":{"rendered":"https:\/\/www.joma-sport.com\/blog\/?p=128950"},"modified":"2026-09-01T11:56:16","modified_gmt":"2026-09-01T11:56:16","slug":"equipacion-joma-trail-team-carrera-valle-chamonix","status":"publish","type":"post","link":"https:\/\/www.joma-sport.com\/blog\/equipacion-joma-trail-team-carrera-valle-chamonix\/","title":{"rendered":"Nueva equipaci\u00f3n del Joma Trail Team: debut en el Valle de Chamonix"},"content":{"rendered":"\t\t<div data-elementor-type=\"wp-post\" data-elementor-id=\"128950\" class=\"elementor elementor-128950\">\n\t\t\t\t\t\t<section class=\"elementor-section elementor-top-section elementor-element elementor-element-a08556a elementor-section-boxed elementor-section-height-default elementor-section-height-default\" data-id=\"a08556a\" data-element_type=\"section\">\n\t\t\t\t\t\t<div class=\"elementor-container elementor-column-gap-default\">\n\t\t\t\t\t<div class=\"elementor-column elementor-col-100 elementor-top-column elementor-element elementor-element-c098ac4\" data-id=\"c098ac4\" data-element_type=\"column\">\n\t\t\t<div class=\"elementor-widget-wrap elementor-element-populated\">\n\t\t\t\t\t\t<div class=\"elementor-element elementor-element-d24bfcf elementor-widget elementor-widget-text-editor\" data-id=\"d24bfcf\" data-element_type=\"widget\" data-widget_type=\"text-editor.default\">\n\t\t\t\t<div class=\"elementor-widget-container\">\n\t\t\t<style>\/*! elementor - v3.23.0 - 05-08-2024 *\/\n.elementor-widget-text-editor.elementor-drop-cap-view-stacked .elementor-drop-cap{background-color:#69727d;color:#fff}.elementor-widget-text-editor.elementor-drop-cap-view-framed .elementor-drop-cap{color:#69727d;border:3px solid;background-color:transparent}.elementor-widget-text-editor:not(.elementor-drop-cap-view-default) .elementor-drop-cap{margin-top:8px}.elementor-widget-text-editor:not(.elementor-drop-cap-view-default) .elementor-drop-cap-letter{width:1em;height:1em}.elementor-widget-text-editor .elementor-drop-cap{float:left;text-align:center;line-height:1;font-size:50px}.elementor-widget-text-editor .elementor-drop-cap-letter{display:inline-block}<\/style>\t\t\t\t<h2 style=\"text-align: justify;\">Desarrollada en el J Lab, la camiseta Marathon II es la pieza central de la nueva equipaci\u00f3n, con una construcci\u00f3n t\u00e9cnica tan ligera que apenas se nota en carrera.<\/h2><p style=\"text-align: justify;\">El <strong>Joma Trail Team<\/strong> ha estrenado en la carrera del <strong>Valle de Chamonix<\/strong> su <a href=\"https:\/\/www.joma-sport.com\/es_ES\/deporte\/trail-running\/\" target=\"_blank\" rel=\"noopener\"><strong>nueva equipaci\u00f3n<\/strong><\/a> con la camiseta Marathon II como protagonista. Los atletas compitieron por primera vez con ella durante un fin de semana de esfuerzo en uno de los grandes escenarios del trail mundial.<\/p>\t\t\t\t\t\t<\/div>\n\t\t\t\t<\/div>\n\t\t\t\t\t<\/div>\n\t\t<\/div>\n\t\t\t\t\t<\/div>\n\t\t<\/section>\n\t\t\t\t<section class=\"elementor-section elementor-top-section elementor-element elementor-element-aeaba2d elementor-section-boxed elementor-section-height-default elementor-section-height-default\" data-id=\"aeaba2d\" data-element_type=\"section\">\n\t\t\t\t\t\t<div class=\"elementor-container elementor-column-gap-default\">\n\t\t\t\t\t<div class=\"elementor-column elementor-col-100 elementor-top-column elementor-element elementor-element-394a672\" data-id=\"394a672\" data-element_type=\"column\">\n\t\t\t<div class=\"elementor-widget-wrap elementor-element-populated\">\n\t\t\t\t\t\t<div class=\"elementor-element elementor-element-fd89aab elementor-widget elementor-widget-text-editor\" data-id=\"fd89aab\" data-element_type=\"widget\" data-widget_type=\"text-editor.default\">\n\t\t\t\t<div class=\"elementor-widget-container\">\n\t\t\t\t\t\t\t<h2 style=\"text-align: justify;\">Tres distancias para estrenar la nueva equipaci\u00f3n<\/h2><p style=\"text-align: justify;\">El debut ha llevado la <a href=\"https:\/\/www.joma-sport.com\/es_ES\/resultados-busqueda?q=marathon+ii&amp;search-button=&amp;lang=null\" target=\"_blank\" rel=\"noopener\"><strong>camiseta<\/strong> <strong>Marathon II <\/strong><\/a>directamente del J Lab a la monta\u00f1a con varios atletas compitiendo en las distintas distancias de la prueba: <strong>Caterina Stenta, Luca Merli <\/strong>y<strong> Mario Mirabel<\/strong> participaron en los <strong>15 km<\/strong>; en los <strong>60 km<\/strong> compitieron <strong>Leonard Mitrica<\/strong>, que consigui\u00f3 situarse entre los diez primeros, junto con <strong>Pablo Bautista<\/strong>; adem\u00e1s de <strong>Beatriz Parr\u00f3n <\/strong>y<strong> Claudio D\u00edaz<\/strong> representando al equipo en los <strong>107 km<\/strong>.<\/p><p style=\"text-align: justify;\">Esta presencia en distintos recorridos ha acompa\u00f1ado el debut de una equipaci\u00f3n pensada para responder a una idea clara: <strong>reducir al m\u00ednimo la sensaci\u00f3n de peso y permitir que cada atleta se concentre en el terreno y el ritmo<\/strong>. Aunque cada miembro del Joma Trail Team afront\u00f3 su propio recorrido, la equipaci\u00f3n hizo visible la dimensi\u00f3n colectiva del proyecto. Una imagen identificativa que les conecta con el trabajo desarrollado en el <strong>J Lab<\/strong> para convertirlo en su mejor aliado.<\/p>\t\t\t\t\t\t<\/div>\n\t\t\t\t<\/div>\n\t\t\t\t\t<\/div>\n\t\t<\/div>\n\t\t\t\t\t<\/div>\n\t\t<\/section>\n\t\t\t\t<section class=\"elementor-section elementor-top-section elementor-element elementor-element-151a591 elementor-section-boxed elementor-section-height-default elementor-section-height-default\" data-id=\"151a591\" data-element_type=\"section\">\n\t\t\t\t\t\t<div class=\"elementor-container elementor-column-gap-default\">\n\t\t\t\t\t<div class=\"elementor-column elementor-col-33 elementor-top-column elementor-element elementor-element-110f519\" data-id=\"110f519\" data-element_type=\"column\">\n\t\t\t<div class=\"elementor-widget-wrap elementor-element-populated\">\n\t\t\t\t\t\t<div class=\"elementor-element elementor-element-b8350b1 elementor-widget elementor-widget-image\" data-id=\"b8350b1\" data-element_type=\"widget\" data-widget_type=\"image.default\">\n\t\t\t\t<div class=\"elementor-widget-container\">\n\t\t\t<style>\/*! elementor - v3.23.0 - 05-08-2024 *\/\n.elementor-widget-image{text-align:center}.elementor-widget-image a{display:inline-block}.elementor-widget-image a img[src$=\".svg\"]{width:48px}.elementor-widget-image img{vertical-align:middle;display:inline-block}<\/style>\t\t\t\t\t\t\t\t\t\t<img fetchpriority=\"high\" decoding=\"async\" width=\"768\" height=\"1024\" src=\"https:\/\/www.joma-sport.com\/blog\/wp-content\/uploads\/2026\/09\/Joma-Trail-Team-Chamonix-1-768x1024.jpg\" class=\"attachment-large size-large wp-image-128953\" alt=\"\" srcset=\"https:\/\/www.joma-sport.com\/blog\/wp-content\/uploads\/2026\/09\/Joma-Trail-Team-Chamonix-1-768x1024.jpg 768w, https:\/\/www.joma-sport.com\/blog\/wp-content\/uploads\/2026\/09\/Joma-Trail-Team-Chamonix-1-225x300.jpg 225w, https:\/\/www.joma-sport.com\/blog\/wp-content\/uploads\/2026\/09\/Joma-Trail-Team-Chamonix-1-1152x1536.jpg 1152w, https:\/\/www.joma-sport.com\/blog\/wp-content\/uploads\/2026\/09\/Joma-Trail-Team-Chamonix-1-255x340.jpg 255w, https:\/\/www.joma-sport.com\/blog\/wp-content\/uploads\/2026\/09\/Joma-Trail-Team-Chamonix-1.jpg 1500w\" sizes=\"(max-width: 768px) 100vw, 768px\" \/>\t\t\t\t\t\t\t\t\t\t\t\t\t<\/div>\n\t\t\t\t<\/div>\n\t\t\t\t\t<\/div>\n\t\t<\/div>\n\t\t\t\t<div class=\"elementor-column elementor-col-33 elementor-top-column elementor-element elementor-element-cced0d8\" data-id=\"cced0d8\" data-element_type=\"column\">\n\t\t\t<div class=\"elementor-widget-wrap elementor-element-populated\">\n\t\t\t\t\t\t<div class=\"elementor-element elementor-element-1277039 elementor-widget elementor-widget-image\" data-id=\"1277039\" data-element_type=\"widget\" data-widget_type=\"image.default\">\n\t\t\t\t<div class=\"elementor-widget-container\">\n\t\t\t\t\t\t\t\t\t\t\t\t\t<img decoding=\"async\" width=\"768\" height=\"1024\" src=\"https:\/\/www.joma-sport.com\/blog\/wp-content\/uploads\/2026\/09\/Joma-Trail-Team-Chamonix-2-768x1024.jpg\" class=\"attachment-large size-large wp-image-128962\" alt=\"\" srcset=\"https:\/\/www.joma-sport.com\/blog\/wp-content\/uploads\/2026\/09\/Joma-Trail-Team-Chamonix-2-768x1024.jpg 768w, https:\/\/www.joma-sport.com\/blog\/wp-content\/uploads\/2026\/09\/Joma-Trail-Team-Chamonix-2-225x300.jpg 225w, https:\/\/www.joma-sport.com\/blog\/wp-content\/uploads\/2026\/09\/Joma-Trail-Team-Chamonix-2-1152x1536.jpg 1152w, https:\/\/www.joma-sport.com\/blog\/wp-content\/uploads\/2026\/09\/Joma-Trail-Team-Chamonix-2-255x340.jpg 255w, https:\/\/www.joma-sport.com\/blog\/wp-content\/uploads\/2026\/09\/Joma-Trail-Team-Chamonix-2.jpg 1500w\" sizes=\"(max-width: 768px) 100vw, 768px\" \/>\t\t\t\t\t\t\t\t\t\t\t\t\t<\/div>\n\t\t\t\t<\/div>\n\t\t\t\t\t<\/div>\n\t\t<\/div>\n\t\t\t\t<div class=\"elementor-column elementor-col-33 elementor-top-column elementor-element elementor-element-e93686a\" data-id=\"e93686a\" data-element_type=\"column\">\n\t\t\t<div class=\"elementor-widget-wrap elementor-element-populated\">\n\t\t\t\t\t\t<div class=\"elementor-element elementor-element-531cf73 elementor-widget elementor-widget-image\" data-id=\"531cf73\" data-element_type=\"widget\" data-widget_type=\"image.default\">\n\t\t\t\t<div class=\"elementor-widget-container\">\n\t\t\t\t\t\t\t\t\t\t\t\t\t<img decoding=\"async\" width=\"768\" height=\"1024\" src=\"https:\/\/www.joma-sport.com\/blog\/wp-content\/uploads\/2026\/09\/Joma-Trail-Team-Chamonix-3-768x1024.jpg\" class=\"attachment-large size-large wp-image-128971\" alt=\"\" srcset=\"https:\/\/www.joma-sport.com\/blog\/wp-content\/uploads\/2026\/09\/Joma-Trail-Team-Chamonix-3-768x1024.jpg 768w, https:\/\/www.joma-sport.com\/blog\/wp-content\/uploads\/2026\/09\/Joma-Trail-Team-Chamonix-3-225x300.jpg 225w, https:\/\/www.joma-sport.com\/blog\/wp-content\/uploads\/2026\/09\/Joma-Trail-Team-Chamonix-3-1152x1536.jpg 1152w, https:\/\/www.joma-sport.com\/blog\/wp-content\/uploads\/2026\/09\/Joma-Trail-Team-Chamonix-3-255x340.jpg 255w, https:\/\/www.joma-sport.com\/blog\/wp-content\/uploads\/2026\/09\/Joma-Trail-Team-Chamonix-3.jpg 1500w\" sizes=\"(max-width: 768px) 100vw, 768px\" \/>\t\t\t\t\t\t\t\t\t\t\t\t\t<\/div>\n\t\t\t\t<\/div>\n\t\t\t\t\t<\/div>\n\t\t<\/div>\n\t\t\t\t\t<\/div>\n\t\t<\/section>\n\t\t\t\t<section class=\"elementor-section elementor-top-section elementor-element elementor-element-6403dea elementor-section-boxed elementor-section-height-default elementor-section-height-default\" data-id=\"6403dea\" data-element_type=\"section\">\n\t\t\t\t\t\t<div class=\"elementor-container elementor-column-gap-default\">\n\t\t\t\t\t<div class=\"elementor-column elementor-col-100 elementor-top-column elementor-element elementor-element-9fd22c2\" data-id=\"9fd22c2\" data-element_type=\"column\">\n\t\t\t<div class=\"elementor-widget-wrap elementor-element-populated\">\n\t\t\t\t\t\t<div class=\"elementor-element elementor-element-a4a6852 elementor-widget elementor-widget-text-editor\" data-id=\"a4a6852\" data-element_type=\"widget\" data-widget_type=\"text-editor.default\">\n\t\t\t\t<div class=\"elementor-widget-container\">\n\t\t\t\t\t\t\t<h2 style=\"text-align: justify;\">Marathon II: una camiseta de trail de solo 55 gramos<\/h2><p style=\"text-align: justify;\">La ligereza es uno de los principales rasgos de la Marathon II. Con un <strong>peso entre los 55 y los 73 gramos<\/strong> seg\u00fan el modelo, su construcci\u00f3n est\u00e1 pensada para correr con la m\u00ednima carga posible.<\/p><p style=\"text-align: justify;\">La camiseta est\u00e1 confeccionada en tejido de \u00faltima generaci\u00f3n con un acabado en jacquard y <strong>tecnolog\u00eda Micro-Mesh System<\/strong>. Ambos aspectos t\u00e9cnicos favorecen la transpirabilidad y ayuda a mantener una ventilaci\u00f3n constante durante el esfuerzo. Las <strong>costuras confortables<\/strong> completan una prenda dise\u00f1ada para resultar c\u00f3moda mientras el atleta se mantiene en movimiento.<\/p><p style=\"text-align: justify;\">Cada elemento responde as\u00ed a un objetivo concreto: que el corredor pueda obtener el m\u00e1ximo rendimiento y concentrarse en competir. Una forma de entender el producto desde el uso real, con la ligereza y la funcionalidad como prioridades.<\/p><p style=\"text-align: justify;\">El estreno en el Valle de Chamonix ha llevado la nueva equipaci\u00f3n directamente a la acci\u00f3n, acompa\u00f1ando al Joma Trail Team en las distancias de 15, 60 y 107 km.<\/p>\t\t\t\t\t\t<\/div>\n\t\t\t\t<\/div>\n\t\t\t\t\t<\/div>\n\t\t<\/div>\n\t\t\t\t\t<\/div>\n\t\t<\/section>\n\t\t\t\t<section class=\"elementor-section elementor-top-section elementor-element elementor-element-07d4d51 elementor-section-boxed elementor-section-height-default elementor-section-height-default\" data-id=\"07d4d51\" data-element_type=\"section\">\n\t\t\t\t\t\t<div class=\"elementor-container elementor-column-gap-default\">\n\t\t\t\t\t<div class=\"elementor-column elementor-col-100 elementor-top-column elementor-element elementor-element-96629eb\" data-id=\"96629eb\" data-element_type=\"column\">\n\t\t\t<div class=\"elementor-widget-wrap elementor-element-populated\">\n\t\t\t\t\t\t<div class=\"elementor-element elementor-element-c1d9498 elementor-widget elementor-widget-image\" data-id=\"c1d9498\" data-element_type=\"widget\" data-widget_type=\"image.default\">\n\t\t\t\t<div class=\"elementor-widget-container\">\n\t\t\t\t\t\t\t\t\t\t\t\t\t<img loading=\"lazy\" decoding=\"async\" width=\"1024\" height=\"682\" src=\"https:\/\/www.joma-sport.com\/blog\/wp-content\/uploads\/2026\/09\/2608_@CordadaOutdoor_@GerardCuberes_Joma_UTMB-31-1024x682.jpg\" class=\"attachment-large size-large wp-image-128980\" alt=\"\" srcset=\"https:\/\/www.joma-sport.com\/blog\/wp-content\/uploads\/2026\/09\/2608_@CordadaOutdoor_@GerardCuberes_Joma_UTMB-31-1024x682.jpg 1024w, https:\/\/www.joma-sport.com\/blog\/wp-content\/uploads\/2026\/09\/2608_@CordadaOutdoor_@GerardCuberes_Joma_UTMB-31-300x200.jpg 300w, https:\/\/www.joma-sport.com\/blog\/wp-content\/uploads\/2026\/09\/2608_@CordadaOutdoor_@GerardCuberes_Joma_UTMB-31-768x512.jpg 768w, https:\/\/www.joma-sport.com\/blog\/wp-content\/uploads\/2026\/09\/2608_@CordadaOutdoor_@GerardCuberes_Joma_UTMB-31-1536x1024.jpg 1536w, https:\/\/www.joma-sport.com\/blog\/wp-content\/uploads\/2026\/09\/2608_@CordadaOutdoor_@GerardCuberes_Joma_UTMB-31-455x303.jpg 455w, https:\/\/www.joma-sport.com\/blog\/wp-content\/uploads\/2026\/09\/2608_@CordadaOutdoor_@GerardCuberes_Joma_UTMB-31.jpg 2000w\" sizes=\"(max-width: 1024px) 100vw, 1024px\" \/>\t\t\t\t\t\t\t\t\t\t\t\t\t<\/div>\n\t\t\t\t<\/div>\n\t\t\t\t\t<\/div>\n\t\t<\/div>\n\t\t\t\t\t<\/div>\n\t\t<\/section>\n\t\t\t\t<section class=\"elementor-section elementor-top-section elementor-element elementor-element-f9b37f9 elementor-section-boxed elementor-section-height-default elementor-section-height-default\" data-id=\"f9b37f9\" data-element_type=\"section\">\n\t\t\t\t\t\t<div class=\"elementor-container elementor-column-gap-default\">\n\t\t\t\t\t<div class=\"elementor-column elementor-col-100 elementor-top-column elementor-element elementor-element-05f6eb9\" data-id=\"05f6eb9\" data-element_type=\"column\">\n\t\t\t<div class=\"elementor-widget-wrap elementor-element-populated\">\n\t\t\t\t\t\t<div class=\"elementor-element elementor-element-043b64c elementor-align-center elementor-widget elementor-widget-button\" data-id=\"043b64c\" data-element_type=\"widget\" data-widget_type=\"button.default\">\n\t\t\t\t<div class=\"elementor-widget-container\">\n\t\t\t\t\t<div class=\"elementor-button-wrapper\">\n\t\t\t<a class=\"elementor-button elementor-button-link elementor-size-sm\" href=\"https:\/\/www.joma-sport.com\/es_ES\/deporte\/trail-running\/\" target=\"_blank\">\n\t\t\t\t\t\t<span class=\"elementor-button-content-wrapper\">\n\t\t\t\t\t\t\t\t\t<span class=\"elementor-button-text\">Comprar equipamiento Joma Trail Team<\/span>\n\t\t\t\t\t<\/span>\n\t\t\t\t\t<\/a>\n\t\t<\/div>\n\t\t\t\t<\/div>\n\t\t\t\t<\/div>\n\t\t\t\t\t<\/div>\n\t\t<\/div>\n\t\t\t\t\t<\/div>\n\t\t<\/section>\n\t\t\t\t<\/div>\n\t\t","protected":false},"excerpt":{"rendered":"<p>Desarrollada en el J Lab, la camiseta Marathon II es la pieza central de la nueva equipaci\u00f3n, con una construcci\u00f3n [&hellip;]<\/p>\n","protected":false},"author":1,"featured_media":128989,"comment_status":"closed","ping_status":"closed","sticky":false,"template":"","format":"standard","meta":[],"categories":[450],"tags":[448],"yoast_head":"<!-- This site is optimized with the Yoast SEO plugin v21.1 - https:\/\/yoast.com\/wordpress\/plugins\/seo\/ -->\n<title>Nueva equipaci\u00f3n del Joma Trail Team: debut en el Valle de Chamonix - Joma World<\/title>\n<meta name=\"description\" content=\"La nueva equipaci\u00f3n del Joma Trail Team debuta en Chamonix con la Marathon II, una camiseta de ultraligera desarrollada en el J Lab.\" \/>\n<meta name=\"robots\" content=\"index, follow, max-snippet:-1, max-image-preview:large, max-video-preview:-1\" \/>\n<link rel=\"canonical\" href=\"https:\/\/www.joma-sport.com\/blog\/equipacion-joma-trail-team-carrera-valle-chamonix\/\" \/>\n<meta property=\"og:locale\" content=\"es_ES\" \/>\n<meta property=\"og:type\" content=\"article\" \/>\n<meta property=\"og:title\" content=\"Nueva equipaci\u00f3n del Joma Trail Team: debut en el Valle de Chamonix - Joma World\" \/>\n<meta property=\"og:description\" content=\"La nueva equipaci\u00f3n del Joma Trail Team debuta en Chamonix con la Marathon II, una camiseta de ultraligera desarrollada en el J Lab.\" \/>\n<meta property=\"og:url\" content=\"https:\/\/www.joma-sport.com\/blog\/equipacion-joma-trail-team-carrera-valle-chamonix\/\" \/>\n<meta property=\"og:site_name\" content=\"Joma World\" \/>\n<meta property=\"article:published_time\" content=\"2026-09-01T11:52:36+00:00\" \/>\n<meta property=\"article:modified_time\" content=\"2026-09-01T11:56:16+00:00\" \/>\n<meta property=\"og:image\" content=\"https:\/\/www.joma-sport.com\/blog\/wp-content\/uploads\/2026\/09\/Noticia-Joma-Trail-Team-Chamonix.jpg\" \/>\n\t<meta property=\"og:image:width\" content=\"696\" \/>\n\t<meta property=\"og:image:height\" content=\"518\" \/>\n\t<meta property=\"og:image:type\" content=\"image\/jpeg\" \/>\n<meta name=\"author\" content=\"JOMA\" \/>\n<meta name=\"twitter:card\" content=\"summary_large_image\" \/>\n<meta name=\"twitter:label1\" content=\"Escrito por\" \/>\n\t<meta name=\"twitter:data1\" content=\"JOMA\" \/>\n\t<meta name=\"twitter:label2\" content=\"Tiempo de lectura\" \/>\n\t<meta name=\"twitter:data2\" content=\"3 minutos\" \/>\n<script type=\"application\/ld+json\" class=\"yoast-schema-graph\">{\"@context\":\"https:\/\/schema.org\",\"@graph\":[{\"@type\":\"WebPage\",\"@id\":\"https:\/\/www.joma-sport.com\/blog\/equipacion-joma-trail-team-carrera-valle-chamonix\/\",\"url\":\"https:\/\/www.joma-sport.com\/blog\/equipacion-joma-trail-team-carrera-valle-chamonix\/\",\"name\":\"Nueva equipaci\u00f3n del Joma Trail Team: debut en el Valle de Chamonix - Joma World\",\"isPartOf\":{\"@id\":\"https:\/\/www.joma-sport.com\/blog\/#website\"},\"datePublished\":\"2026-09-01T11:52:36+00:00\",\"dateModified\":\"2026-09-01T11:56:16+00:00\",\"author\":{\"@id\":\"https:\/\/www.joma-sport.com\/blog\/#\/schema\/person\/8467085eeea397781a9e5a5bd0211eab\"},\"description\":\"La nueva equipaci\u00f3n del Joma Trail Team debuta en Chamonix con la Marathon II, una camiseta de ultraligera desarrollada en el J Lab.\",\"inLanguage\":\"es\",\"potentialAction\":[{\"@type\":\"ReadAction\",\"target\":[\"https:\/\/www.joma-sport.com\/blog\/equipacion-joma-trail-team-carrera-valle-chamonix\/\"]}]},{\"@type\":\"WebSite\",\"@id\":\"https:\/\/www.joma-sport.com\/blog\/#website\",\"url\":\"https:\/\/www.joma-sport.com\/blog\/\",\"name\":\"Joma World\",\"description\":\"Inside Joma\",\"potentialAction\":[{\"@type\":\"SearchAction\",\"target\":{\"@type\":\"EntryPoint\",\"urlTemplate\":\"https:\/\/www.joma-sport.com\/blog\/?s={search_term_string}\"},\"query-input\":\"required name=search_term_string\"}],\"inLanguage\":\"es\"},{\"@type\":\"Person\",\"@id\":\"https:\/\/www.joma-sport.com\/blog\/#\/schema\/person\/8467085eeea397781a9e5a5bd0211eab\",\"name\":\"JOMA\",\"image\":{\"@type\":\"ImageObject\",\"inLanguage\":\"es\",\"@id\":\"https:\/\/www.joma-sport.com\/blog\/#\/schema\/person\/image\/\",\"url\":\"https:\/\/secure.gravatar.com\/avatar\/6e6444480edb84ebaf5afa2a3a5cea7e?s=96&d=mm&r=g\",\"contentUrl\":\"https:\/\/secure.gravatar.com\/avatar\/6e6444480edb84ebaf5afa2a3a5cea7e?s=96&d=mm&r=g\",\"caption\":\"JOMA\"},\"url\":\"https:\/\/www.joma-sport.com\/blog\/author\/jomanews\/\"}]}<\/script>\n<!-- \/ Yoast SEO plugin. -->","yoast_head_json":{"title":"Nueva equipaci\u00f3n del Joma Trail Team: debut en el Valle de Chamonix - Joma World","description":"La nueva equipaci\u00f3n del Joma Trail Team debuta en Chamonix con la Marathon II, una camiseta de ultraligera desarrollada en el J Lab.","robots":{"index":"index","follow":"follow","max-snippet":"max-snippet:-1","max-image-preview":"max-image-preview:large","max-video-preview":"max-video-preview:-1"},"canonical":"https:\/\/www.joma-sport.com\/blog\/equipacion-joma-trail-team-carrera-valle-chamonix\/","og_locale":"es_ES","og_type":"article","og_title":"Nueva equipaci\u00f3n del Joma Trail Team: debut en el Valle de Chamonix - Joma World","og_description":"La nueva equipaci\u00f3n del Joma Trail Team debuta en Chamonix con la Marathon II, una camiseta de ultraligera desarrollada en el J Lab.","og_url":"https:\/\/www.joma-sport.com\/blog\/equipacion-joma-trail-team-carrera-valle-chamonix\/","og_site_name":"Joma World","article_published_time":"2026-09-01T11:52:36+00:00","article_modified_time":"2026-09-01T11:56:16+00:00","og_image":[{"width":696,"height":518,"url":"https:\/\/www.joma-sport.com\/blog\/wp-content\/uploads\/2026\/09\/Noticia-Joma-Trail-Team-Chamonix.jpg","type":"image\/jpeg"}],"author":"JOMA","twitter_card":"summary_large_image","twitter_misc":{"Escrito por":"JOMA","Tiempo de lectura":"3 minutos"},"schema":{"@context":"https:\/\/schema.org","@graph":[{"@type":"WebPage","@id":"https:\/\/www.joma-sport.com\/blog\/equipacion-joma-trail-team-carrera-valle-chamonix\/","url":"https:\/\/www.joma-sport.com\/blog\/equipacion-joma-trail-team-carrera-valle-chamonix\/","name":"Nueva equipaci\u00f3n del Joma Trail Team: debut en el Valle de Chamonix - Joma World","isPartOf":{"@id":"https:\/\/www.joma-sport.com\/blog\/#website"},"datePublished":"2026-09-01T11:52:36+00:00","dateModified":"2026-09-01T11:56:16+00:00","author":{"@id":"https:\/\/www.joma-sport.com\/blog\/#\/schema\/person\/8467085eeea397781a9e5a5bd0211eab"},"description":"La nueva equipaci\u00f3n del Joma Trail Team debuta en Chamonix con la Marathon II, una camiseta de ultraligera desarrollada en el J Lab.","inLanguage":"es","potentialAction":[{"@type":"ReadAction","target":["https:\/\/www.joma-sport.com\/blog\/equipacion-joma-trail-team-carrera-valle-chamonix\/"]}]},{"@type":"WebSite","@id":"https:\/\/www.joma-sport.com\/blog\/#website","url":"https:\/\/www.joma-sport.com\/blog\/","name":"Joma World","description":"Inside Joma","potentialAction":[{"@type":"SearchAction","target":{"@type":"EntryPoint","urlTemplate":"https:\/\/www.joma-sport.com\/blog\/?s={search_term_string}"},"query-input":"required name=search_term_string"}],"inLanguage":"es"},{"@type":"Person","@id":"https:\/\/www.joma-sport.com\/blog\/#\/schema\/person\/8467085eeea397781a9e5a5bd0211eab","name":"JOMA","image":{"@type":"ImageObject","inLanguage":"es","@id":"https:\/\/www.joma-sport.com\/blog\/#\/schema\/person\/image\/","url":"https:\/\/secure.gravatar.com\/avatar\/6e6444480edb84ebaf5afa2a3a5cea7e?s=96&d=mm&r=g","contentUrl":"https:\/\/secure.gravatar.com\/avatar\/6e6444480edb84ebaf5afa2a3a5cea7e?s=96&d=mm&r=g","caption":"JOMA"},"url":"https:\/\/www.joma-sport.com\/blog\/author\/jomanews\/"}]}},"_links":{"self":[{"href":"https:\/\/www.joma-sport.com\/blog\/wp-json\/wp\/v2\/posts\/128950"}],"collection":[{"href":"https:\/\/www.joma-sport.com\/blog\/wp-json\/wp\/v2\/posts"}],"about":[{"href":"https:\/\/www.joma-sport.com\/blog\/wp-json\/wp\/v2\/types\/post"}],"author":[{"embeddable":true,"href":"https:\/\/www.joma-sport.com\/blog\/wp-json\/wp\/v2\/users\/1"}],"replies":[{"embeddable":true,"href":"https:\/\/www.joma-sport.com\/blog\/wp-json\/wp\/v2\/comments?post=128950"}],"version-history":[{"count":6,"href":"https:\/\/www.joma-sport.com\/blog\/wp-json\/wp\/v2\/posts\/128950\/revisions"}],"predecessor-version":[{"id":129001,"href":"https:\/\/www.joma-sport.com\/blog\/wp-json\/wp\/v2\/posts\/128950\/revisions\/129001"}],"wp:featuredmedia":[{"embeddable":true,"href":"https:\/\/www.joma-sport.com\/blog\/wp-json\/wp\/v2\/media\/128989"}],"wp:attachment":[{"href":"https:\/\/www.joma-sport.com\/blog\/wp-json\/wp\/v2\/media?parent=128950"}],"wp:term":[{"taxonomy":"category","embeddable":true,"href":"https:\/\/www.joma-sport.com\/blog\/wp-json\/wp\/v2\/categories?post=128950"},{"taxonomy":"post_tag","embeddable":true,"href":"https:\/\/www.joma-sport.com\/blog\/wp-json\/wp\/v2\/tags?post=128950"}],"curies":[{"name":"wp","href":"https:\/\/api.w.org\/{rel}","templated":true}]}}