{"id":111812,"date":"2026-01-28T08:33:09","date_gmt":"2026-01-28T08:33:09","guid":{"rendered":"https:\/\/www.joma-sport.com\/blog\/?p=111812"},"modified":"2026-01-28T08:33:09","modified_gmt":"2026-01-28T08:33:09","slug":"calendario-running-joma-2026-carreras-internacionales","status":"publish","type":"post","link":"https:\/\/www.joma-sport.com\/blog\/calendario-running-joma-2026-carreras-internacionales\/","title":{"rendered":"Las grandes ciudades del running internacional marcan el calendario 2026 de Joma"},"content":{"rendered":"\t\t<div data-elementor-type=\"wp-post\" data-elementor-id=\"111812\" class=\"elementor elementor-111812\">\n\t\t\t\t\t\t<section class=\"elementor-section elementor-top-section elementor-element elementor-element-691c03a elementor-section-boxed elementor-section-height-default elementor-section-height-default\" data-id=\"691c03a\" data-element_type=\"section\">\n\t\t\t\t\t\t<div class=\"elementor-container elementor-column-gap-default\">\n\t\t\t\t\t<div class=\"elementor-column elementor-col-100 elementor-top-column elementor-element elementor-element-3aee232\" data-id=\"3aee232\" data-element_type=\"column\">\n\t\t\t<div class=\"elementor-widget-wrap elementor-element-populated\">\n\t\t\t\t\t\t<div class=\"elementor-element elementor-element-ab2dbc9 elementor-widget elementor-widget-text-editor\" data-id=\"ab2dbc9\" data-element_type=\"widget\" data-widget_type=\"text-editor.default\">\n\t\t\t\t<div class=\"elementor-widget-container\">\n\t\t\t<style>\/*! elementor - v3.23.0 - 05-08-2024 *\/\n.elementor-widget-text-editor.elementor-drop-cap-view-stacked .elementor-drop-cap{background-color:#69727d;color:#fff}.elementor-widget-text-editor.elementor-drop-cap-view-framed .elementor-drop-cap{color:#69727d;border:3px solid;background-color:transparent}.elementor-widget-text-editor:not(.elementor-drop-cap-view-default) .elementor-drop-cap{margin-top:8px}.elementor-widget-text-editor:not(.elementor-drop-cap-view-default) .elementor-drop-cap-letter{width:1em;height:1em}.elementor-widget-text-editor .elementor-drop-cap{float:left;text-align:center;line-height:1;font-size:50px}.elementor-widget-text-editor .elementor-drop-cap-letter{display:inline-block}<\/style>\t\t\t\t<h2 data-start=\"459\" data-end=\"545\"><strong data-start=\"462\" data-end=\"545\">Un a\u00f1o de expansi\u00f3n internacional con carreras de referencia en Europa y \u00c1frica<\/strong><\/h2><p data-start=\"547\" data-end=\"860\">El <strong data-start=\"550\" data-end=\"593\">calendario de running de Joma para 2026<\/strong> recorrer\u00e1 algunas de las <strong data-start=\"619\" data-end=\"686\">ciudades y carreras m\u00e1s emblem\u00e1ticas del panorama internacional<\/strong>, con presencia en <strong data-start=\"705\" data-end=\"724\">Europa y \u00c1frica<\/strong>. A lo largo del a\u00f1o, la marca acompa\u00f1ar\u00e1 a miles de corredores en pruebas que forman parte del calendario global del atletismo popular.<\/p>\t\t\t\t\t\t<\/div>\n\t\t\t\t<\/div>\n\t\t\t\t\t<\/div>\n\t\t<\/div>\n\t\t\t\t\t<\/div>\n\t\t<\/section>\n\t\t\t\t<section class=\"elementor-section elementor-top-section elementor-element elementor-element-cfb7ab2 elementor-section-boxed elementor-section-height-default elementor-section-height-default\" data-id=\"cfb7ab2\" data-element_type=\"section\">\n\t\t\t\t\t\t<div class=\"elementor-container elementor-column-gap-default\">\n\t\t\t\t\t<div class=\"elementor-column elementor-col-100 elementor-top-column elementor-element elementor-element-1bda039\" data-id=\"1bda039\" data-element_type=\"column\">\n\t\t\t<div class=\"elementor-widget-wrap elementor-element-populated\">\n\t\t\t\t\t\t<div class=\"elementor-element elementor-element-27a69c0 elementor-widget elementor-widget-text-editor\" data-id=\"27a69c0\" data-element_type=\"widget\" data-widget_type=\"text-editor.default\">\n\t\t\t\t<div class=\"elementor-widget-container\">\n\t\t\t\t\t\t\t<h2><strong>Primera mitad de 2026: Presencia internacional en dos continentes<\/strong><\/h2>\t\t\t\t\t\t<\/div>\n\t\t\t\t<\/div>\n\t\t\t\t\t<\/div>\n\t\t<\/div>\n\t\t\t\t\t<\/div>\n\t\t<\/section>\n\t\t\t\t<section class=\"elementor-section elementor-top-section elementor-element elementor-element-4ed209f elementor-section-boxed elementor-section-height-default elementor-section-height-default\" data-id=\"4ed209f\" data-element_type=\"section\">\n\t\t\t\t\t\t<div class=\"elementor-container elementor-column-gap-default\">\n\t\t\t\t\t<div class=\"elementor-column elementor-col-100 elementor-top-column elementor-element elementor-element-b5ba02e\" data-id=\"b5ba02e\" data-element_type=\"column\">\n\t\t\t<div class=\"elementor-widget-wrap elementor-element-populated\">\n\t\t\t\t\t\t<div class=\"elementor-element elementor-element-4da3de0 elementor-widget elementor-widget-text-editor\" data-id=\"4da3de0\" data-element_type=\"widget\" data-widget_type=\"text-editor.default\">\n\t\t\t\t<div class=\"elementor-widget-container\">\n\t\t\t\t\t\t\t<h3 data-start=\"867\" data-end=\"928\"><strong data-start=\"876\" data-end=\"928\">Marat\u00f3n Internacional de Marrakech \u2013 25 de enero<\/strong><\/h3><p data-start=\"930\" data-end=\"1326\">La temporada arrancar\u00e1 en <strong data-start=\"956\" data-end=\"969\">Marrakech<\/strong> con una marat\u00f3n de <strong data-start=\"989\" data-end=\"1010\">42,195 kil\u00f3metros<\/strong> que re\u00fane cada a\u00f1o a m\u00e1s de <strong data-start=\"1039\" data-end=\"1060\">10.000 corredores<\/strong> procedentes de distintos pa\u00edses. Su recorrido combina zonas urbanas, palmerales y el paisaje caracter\u00edstico del sur de Marruecos, lo que la convierte en una de las grandes citas del inicio de la temporada y en una de las pruebas m\u00e1s reconocidas del norte de \u00c1frica.<\/p>\t\t\t\t\t\t<\/div>\n\t\t\t\t<\/div>\n\t\t\t\t\t<\/div>\n\t\t<\/div>\n\t\t\t\t\t<\/div>\n\t\t<\/section>\n\t\t\t\t<section class=\"elementor-section elementor-top-section elementor-element elementor-element-87b4f21 elementor-section-boxed elementor-section-height-default elementor-section-height-default\" data-id=\"87b4f21\" data-element_type=\"section\">\n\t\t\t\t\t\t<div class=\"elementor-container elementor-column-gap-default\">\n\t\t\t\t\t<div class=\"elementor-column elementor-col-100 elementor-top-column elementor-element elementor-element-c705e9f\" data-id=\"c705e9f\" data-element_type=\"column\">\n\t\t\t<div class=\"elementor-widget-wrap elementor-element-populated\">\n\t\t\t\t\t\t<div class=\"elementor-element elementor-element-564a1ec elementor-widget elementor-widget-text-editor\" data-id=\"564a1ec\" data-element_type=\"widget\" data-widget_type=\"text-editor.default\">\n\t\t\t\t<div class=\"elementor-widget-container\">\n\t\t\t\t\t\t\t<h3 data-start=\"1333\" data-end=\"1384\"><strong data-start=\"1340\" data-end=\"1384\">ACEA Run Rome The Marathon \u2013 22 de marzo<\/strong><\/h3><p data-start=\"1386\" data-end=\"1780\">Correr en <strong data-start=\"1396\" data-end=\"1404\">Roma<\/strong> es hacerlo entre historia. La <strong data-start=\"1435\" data-end=\"1465\">ACEA Run Rome The Marathon<\/strong>, sobre la distancia cl\u00e1sica de <strong data-start=\"1497\" data-end=\"1510\">42,195 km<\/strong>, destaca por ofrecer uno de los recorridos m\u00e1s monumentales del circuito europeo, atravesando enclaves ic\u00f3nicos como el Coliseo o el Foro Romano.<\/p>\t\t\t\t\t\t<\/div>\n\t\t\t\t<\/div>\n\t\t\t\t\t<\/div>\n\t\t<\/div>\n\t\t\t\t\t<\/div>\n\t\t<\/section>\n\t\t\t\t<section class=\"elementor-section elementor-top-section elementor-element elementor-element-741dbec elementor-section-boxed elementor-section-height-default elementor-section-height-default\" data-id=\"741dbec\" data-element_type=\"section\">\n\t\t\t\t\t\t<div class=\"elementor-container elementor-column-gap-default\">\n\t\t\t\t\t<div class=\"elementor-column elementor-col-100 elementor-top-column elementor-element elementor-element-c9e23e9\" data-id=\"c9e23e9\" data-element_type=\"column\">\n\t\t\t<div class=\"elementor-widget-wrap elementor-element-populated\">\n\t\t\t\t\t\t<div class=\"elementor-element elementor-element-081b3af elementor-widget elementor-widget-text-editor\" data-id=\"081b3af\" data-element_type=\"widget\" data-widget_type=\"text-editor.default\">\n\t\t\t\t<div class=\"elementor-widget-container\">\n\t\t\t\t\t\t\t<h3 data-start=\"1787\" data-end=\"1841\"><strong data-start=\"1794\" data-end=\"1841\">Movistar Madrid Medio Marat\u00f3n \u2013 22 de marzo<\/strong><\/h3><p data-start=\"1843\" data-end=\"2207\">El mismo d\u00eda, Joma estar\u00e1 presente en el <strong data-start=\"1884\" data-end=\"1917\">Movistar Madrid Medio Marat\u00f3n<\/strong>, una prueba de <strong data-start=\"1933\" data-end=\"1954\">21,097 kil\u00f3metros<\/strong> que se ha convertido en una de las referencias del calendario espa\u00f1ol. Con m\u00e1s de <strong data-start=\"2037\" data-end=\"2061\">20.000 participantes<\/strong>, su trazado urbano recorre algunos de los puntos m\u00e1s emblem\u00e1ticos de la capital.<\/p>\t\t\t\t\t\t<\/div>\n\t\t\t\t<\/div>\n\t\t\t\t\t<\/div>\n\t\t<\/div>\n\t\t\t\t\t<\/div>\n\t\t<\/section>\n\t\t\t\t<section class=\"elementor-section elementor-top-section elementor-element elementor-element-f5fa47a elementor-section-boxed elementor-section-height-default elementor-section-height-default\" data-id=\"f5fa47a\" data-element_type=\"section\">\n\t\t\t\t\t\t<div class=\"elementor-container elementor-column-gap-default\">\n\t\t\t\t\t<div class=\"elementor-column elementor-col-100 elementor-top-column elementor-element elementor-element-081a104\" data-id=\"081a104\" data-element_type=\"column\">\n\t\t\t<div class=\"elementor-widget-wrap elementor-element-populated\">\n\t\t\t\t\t\t<div class=\"elementor-element elementor-element-446caee elementor-widget elementor-widget-image\" data-id=\"446caee\" data-element_type=\"widget\" data-widget_type=\"image.default\">\n\t\t\t\t<div class=\"elementor-widget-container\">\n\t\t\t<style>\/*! elementor - v3.23.0 - 05-08-2024 *\/\n.elementor-widget-image{text-align:center}.elementor-widget-image a{display:inline-block}.elementor-widget-image a img[src$=\".svg\"]{width:48px}.elementor-widget-image img{vertical-align:middle;display:inline-block}<\/style>\t\t\t\t\t\t\t\t\t\t<img fetchpriority=\"high\" decoding=\"async\" width=\"768\" height=\"512\" src=\"https:\/\/www.joma-sport.com\/blog\/wp-content\/uploads\/2026\/01\/Sin-titulo-250-x-250-px-1024-x-683-px-9-768x512.png\" class=\"attachment-medium_large size-medium_large wp-image-111929\" alt=\"\" srcset=\"https:\/\/www.joma-sport.com\/blog\/wp-content\/uploads\/2026\/01\/Sin-titulo-250-x-250-px-1024-x-683-px-9-768x512.png 768w, https:\/\/www.joma-sport.com\/blog\/wp-content\/uploads\/2026\/01\/Sin-titulo-250-x-250-px-1024-x-683-px-9-300x200.png 300w, https:\/\/www.joma-sport.com\/blog\/wp-content\/uploads\/2026\/01\/Sin-titulo-250-x-250-px-1024-x-683-px-9-455x303.png 455w, https:\/\/www.joma-sport.com\/blog\/wp-content\/uploads\/2026\/01\/Sin-titulo-250-x-250-px-1024-x-683-px-9.png 1024w\" sizes=\"(max-width: 768px) 100vw, 768px\" \/>\t\t\t\t\t\t\t\t\t\t\t\t\t<\/div>\n\t\t\t\t<\/div>\n\t\t\t\t\t<\/div>\n\t\t<\/div>\n\t\t\t\t\t<\/div>\n\t\t<\/section>\n\t\t\t\t<section class=\"elementor-section elementor-top-section elementor-element elementor-element-acb0445 elementor-section-boxed elementor-section-height-default elementor-section-height-default\" data-id=\"acb0445\" data-element_type=\"section\">\n\t\t\t\t\t\t<div class=\"elementor-container elementor-column-gap-default\">\n\t\t\t\t\t<div class=\"elementor-column elementor-col-100 elementor-top-column elementor-element elementor-element-0ff785b\" data-id=\"0ff785b\" data-element_type=\"column\">\n\t\t\t<div class=\"elementor-widget-wrap elementor-element-populated\">\n\t\t\t\t\t\t<div class=\"elementor-element elementor-element-944fd43 elementor-widget elementor-widget-text-editor\" data-id=\"944fd43\" data-element_type=\"widget\" data-widget_type=\"text-editor.default\">\n\t\t\t\t<div class=\"elementor-widget-container\">\n\t\t\t\t\t\t\t<h3 data-start=\"2214\" data-end=\"2262\"><strong data-start=\"2220\" data-end=\"2262\">Two Oceans Marathon \u2013 11 y 12 de abril<\/strong><\/h3><p data-start=\"165\" data-end=\"537\">La <strong data-start=\"168\" data-end=\"191\">Two Oceans Marathon<\/strong>, celebrada en <strong data-start=\"206\" data-end=\"225\">Ciudad del Cabo<\/strong>, es una de las pruebas m\u00e1s prestigiosas del calendario internacional por su dureza y su entorno natural. En su \u00faltima edici\u00f3n, la atleta keniana <strong data-start=\"371\" data-end=\"386\">Mercy Kibor<\/strong>, del <strong data-start=\"392\" data-end=\"405\">#JomaTeam<\/strong>, se proclam\u00f3 campeona en su <strong data-start=\"434\" data-end=\"463\">debut en la media marat\u00f3n<\/strong>, con un tiempo de <strong data-start=\"482\" data-end=\"493\">1:17:06<\/strong>, compitiendo con las zapatillas <strong data-start=\"526\" data-end=\"536\">R-5000<\/strong>.<\/p>\t\t\t\t\t\t<\/div>\n\t\t\t\t<\/div>\n\t\t\t\t<div class=\"elementor-element elementor-element-c2a290a elementor-widget elementor-widget-image\" data-id=\"c2a290a\" data-element_type=\"widget\" data-widget_type=\"image.default\">\n\t\t\t\t<div class=\"elementor-widget-container\">\n\t\t\t\t\t\t\t\t\t\t\t\t\t<img decoding=\"async\" width=\"768\" height=\"512\" src=\"https:\/\/www.joma-sport.com\/blog\/wp-content\/uploads\/2026\/01\/Sin-titulo-250-x-250-px-1024-x-683-px-10-768x512.png\" class=\"attachment-medium_large size-medium_large wp-image-111938\" alt=\"\" srcset=\"https:\/\/www.joma-sport.com\/blog\/wp-content\/uploads\/2026\/01\/Sin-titulo-250-x-250-px-1024-x-683-px-10-768x512.png 768w, https:\/\/www.joma-sport.com\/blog\/wp-content\/uploads\/2026\/01\/Sin-titulo-250-x-250-px-1024-x-683-px-10-300x200.png 300w, https:\/\/www.joma-sport.com\/blog\/wp-content\/uploads\/2026\/01\/Sin-titulo-250-x-250-px-1024-x-683-px-10-455x303.png 455w, https:\/\/www.joma-sport.com\/blog\/wp-content\/uploads\/2026\/01\/Sin-titulo-250-x-250-px-1024-x-683-px-10.png 1024w\" sizes=\"(max-width: 768px) 100vw, 768px\" \/>\t\t\t\t\t\t\t\t\t\t\t\t\t<\/div>\n\t\t\t\t<\/div>\n\t\t\t\t\t<\/div>\n\t\t<\/div>\n\t\t\t\t\t<\/div>\n\t\t<\/section>\n\t\t\t\t<section class=\"elementor-section elementor-top-section elementor-element elementor-element-7f1584f elementor-section-boxed elementor-section-height-default elementor-section-height-default\" data-id=\"7f1584f\" data-element_type=\"section\">\n\t\t\t\t\t\t<div class=\"elementor-container elementor-column-gap-default\">\n\t\t\t\t\t<div class=\"elementor-column elementor-col-100 elementor-top-column elementor-element elementor-element-de22b38\" data-id=\"de22b38\" data-element_type=\"column\">\n\t\t\t<div class=\"elementor-widget-wrap elementor-element-populated\">\n\t\t\t\t\t\t<div class=\"elementor-element elementor-element-666cfa7 elementor-widget elementor-widget-text-editor\" data-id=\"666cfa7\" data-element_type=\"widget\" data-widget_type=\"text-editor.default\">\n\t\t\t\t<div class=\"elementor-widget-container\">\n\t\t\t\t\t\t\t<h3 data-start=\"2677\" data-end=\"2729\"><strong data-start=\"2683\" data-end=\"2729\">Santa Eul\u00e0ria Ibiza Marathon \u2013 18 de abril<\/strong><\/h3><p data-start=\"2731\" data-end=\"3112\">La <strong data-start=\"2734\" data-end=\"2766\">Santa Eul\u00e0ria Ibiza Marathon<\/strong> ofrece un formato de varias distancias. La prueba se ha consolidado como uno de los grandes eventos de <strong data-start=\"2959\" data-end=\"2997\">turismo deportivo del Mediterr\u00e1neo<\/strong>, con un recorrido que conecta diferentes puntos de la isla y combina deporte, naturaleza y ambiente internacional.<\/p>\t\t\t\t\t\t<\/div>\n\t\t\t\t<\/div>\n\t\t\t\t\t<\/div>\n\t\t<\/div>\n\t\t\t\t\t<\/div>\n\t\t<\/section>\n\t\t\t\t<section class=\"elementor-section elementor-top-section elementor-element elementor-element-caa4d4d elementor-section-boxed elementor-section-height-default elementor-section-height-default\" data-id=\"caa4d4d\" data-element_type=\"section\">\n\t\t\t\t\t\t<div class=\"elementor-container elementor-column-gap-default\">\n\t\t\t\t\t<div class=\"elementor-column elementor-col-100 elementor-top-column elementor-element elementor-element-7da7fa4\" data-id=\"7da7fa4\" data-element_type=\"column\">\n\t\t\t<div class=\"elementor-widget-wrap elementor-element-populated\">\n\t\t\t\t\t\t<div class=\"elementor-element elementor-element-a092f1b elementor-widget elementor-widget-text-editor\" data-id=\"a092f1b\" data-element_type=\"widget\" data-widget_type=\"text-editor.default\">\n\t\t\t\t<div class=\"elementor-widget-container\">\n\t\t\t\t\t\t\t<h2><strong>Segunda mitad de 2026: Consolidaci\u00f3n y crecimiento en los grandes escenarios europeos<\/strong><\/h2>\t\t\t\t\t\t<\/div>\n\t\t\t\t<\/div>\n\t\t\t\t\t<\/div>\n\t\t<\/div>\n\t\t\t\t\t<\/div>\n\t\t<\/section>\n\t\t\t\t<section class=\"elementor-section elementor-top-section elementor-element elementor-element-1610c1f elementor-section-boxed elementor-section-height-default elementor-section-height-default\" data-id=\"1610c1f\" data-element_type=\"section\">\n\t\t\t\t\t\t<div class=\"elementor-container elementor-column-gap-default\">\n\t\t\t\t\t<div class=\"elementor-column elementor-col-100 elementor-top-column elementor-element elementor-element-cc91fb9\" data-id=\"cc91fb9\" data-element_type=\"column\">\n\t\t\t<div class=\"elementor-widget-wrap elementor-element-populated\">\n\t\t\t\t\t\t<div class=\"elementor-element elementor-element-87ba63d elementor-widget elementor-widget-text-editor\" data-id=\"87ba63d\" data-element_type=\"widget\" data-widget_type=\"text-editor.default\">\n\t\t\t\t<div class=\"elementor-widget-container\">\n\t\t\t\t\t\t\t<h3 data-start=\"3119\" data-end=\"3157\"><strong data-start=\"3125\" data-end=\"3157\">20K de Par\u00eds \u2013 11 de octubre<\/strong><\/h3><p data-start=\"3159\" data-end=\"3525\">El calendario oto\u00f1al comenzar\u00e1 en <strong data-start=\"3193\" data-end=\"3202\">Par\u00eds<\/strong> con la <strong data-start=\"3210\" data-end=\"3226\">20K de Par\u00eds<\/strong>, una carrera singular tanto por su distancia como por su ambiente festivo. Con m\u00e1s de <strong data-start=\"3313\" data-end=\"3340\">45 ediciones celebradas<\/strong>, el recorrido atraviesa el coraz\u00f3n de la capital francesa y tiene la <strong data-start=\"3410\" data-end=\"3426\">Torre Eiffel<\/strong> como uno de sus puntos m\u00e1s emblem\u00e1ticos, acompa\u00f1ado por m\u00fasica y animaci\u00f3n a lo largo del trazado.<\/p>\t\t\t\t\t\t<\/div>\n\t\t\t\t<\/div>\n\t\t\t\t<div class=\"elementor-element elementor-element-8532a4e elementor-widget elementor-widget-image\" data-id=\"8532a4e\" data-element_type=\"widget\" data-widget_type=\"image.default\">\n\t\t\t\t<div class=\"elementor-widget-container\">\n\t\t\t\t\t\t\t\t\t\t\t\t\t<img decoding=\"async\" width=\"768\" height=\"512\" src=\"https:\/\/www.joma-sport.com\/blog\/wp-content\/uploads\/2026\/01\/Sin-titulo-250-x-250-px-1024-x-683-px-11-768x512.png\" class=\"attachment-medium_large size-medium_large wp-image-111953\" alt=\"\" srcset=\"https:\/\/www.joma-sport.com\/blog\/wp-content\/uploads\/2026\/01\/Sin-titulo-250-x-250-px-1024-x-683-px-11-768x512.png 768w, https:\/\/www.joma-sport.com\/blog\/wp-content\/uploads\/2026\/01\/Sin-titulo-250-x-250-px-1024-x-683-px-11-300x200.png 300w, https:\/\/www.joma-sport.com\/blog\/wp-content\/uploads\/2026\/01\/Sin-titulo-250-x-250-px-1024-x-683-px-11-455x303.png 455w, https:\/\/www.joma-sport.com\/blog\/wp-content\/uploads\/2026\/01\/Sin-titulo-250-x-250-px-1024-x-683-px-11.png 1024w\" sizes=\"(max-width: 768px) 100vw, 768px\" \/>\t\t\t\t\t\t\t\t\t\t\t\t\t<\/div>\n\t\t\t\t<\/div>\n\t\t\t\t\t<\/div>\n\t\t<\/div>\n\t\t\t\t\t<\/div>\n\t\t<\/section>\n\t\t\t\t<section class=\"elementor-section elementor-top-section elementor-element elementor-element-4acdc53 elementor-section-boxed elementor-section-height-default elementor-section-height-default\" data-id=\"4acdc53\" data-element_type=\"section\">\n\t\t\t\t\t\t<div class=\"elementor-container elementor-column-gap-default\">\n\t\t\t\t\t<div class=\"elementor-column elementor-col-100 elementor-top-column elementor-element elementor-element-29c58fd\" data-id=\"29c58fd\" data-element_type=\"column\">\n\t\t\t<div class=\"elementor-widget-wrap elementor-element-populated\">\n\t\t\t\t\t\t<div class=\"elementor-element elementor-element-ac6d8e3 elementor-widget elementor-widget-text-editor\" data-id=\"ac6d8e3\" data-element_type=\"widget\" data-widget_type=\"text-editor.default\">\n\t\t\t\t<div class=\"elementor-widget-container\">\n\t\t\t\t\t\t\t<h3 data-start=\"3532\" data-end=\"3573\"><strong data-start=\"3538\" data-end=\"3573\">Venice Marathon \u2013 25 de octubre<\/strong><\/h3><p data-start=\"3575\" data-end=\"3917\">La <strong data-start=\"3578\" data-end=\"3597\">Venice Marathon<\/strong>, disputada sobre la distancia de <strong data-start=\"3631\" data-end=\"3652\">42,195 kil\u00f3metros<\/strong>, es una de las maratones m\u00e1s singulares del mundo. Su recorrido cruza puentes, canales y zonas hist\u00f3ricas de Venecia, ofreciendo a los m\u00e1s de <strong data-start=\"3795\" data-end=\"3816\">15.000 corredores<\/strong> que participan cada a\u00f1o una experiencia irrepetible.<\/p>\t\t\t\t\t\t<\/div>\n\t\t\t\t<\/div>\n\t\t\t\t\t<\/div>\n\t\t<\/div>\n\t\t\t\t\t<\/div>\n\t\t<\/section>\n\t\t\t\t<section class=\"elementor-section elementor-top-section elementor-element elementor-element-473d311 elementor-section-boxed elementor-section-height-default elementor-section-height-default\" data-id=\"473d311\" data-element_type=\"section\">\n\t\t\t\t\t\t<div class=\"elementor-container elementor-column-gap-default\">\n\t\t\t\t\t<div class=\"elementor-column elementor-col-100 elementor-top-column elementor-element elementor-element-ff5a765\" data-id=\"ff5a765\" data-element_type=\"column\">\n\t\t\t<div class=\"elementor-widget-wrap elementor-element-populated\">\n\t\t\t\t\t\t<div class=\"elementor-element elementor-element-03796af elementor-widget elementor-widget-text-editor\" data-id=\"03796af\" data-element_type=\"widget\" data-widget_type=\"text-editor.default\">\n\t\t\t\t<div class=\"elementor-widget-container\">\n\t\t\t\t\t\t\t<h3 id=\"_89FfaZbqLpaB9u8P88KFkAE_54\" class=\"LC20lb MBeuO DKV0Md\">Toulouse M\u00e9tropole Run Experience &#8211; finales de octubre<\/h3><p>Esta prueba se ha consolidado en los \u00faltimos a\u00f1os como una prueba en crecimiento dentro del calendario franc\u00e9s. Con un trazado r\u00e1pido y urbano sobre la distancia cl\u00e1sica de marat\u00f3n, atrae tanto a corredores populares como a quienes buscan mejorar su marca personal.<\/p>\t\t\t\t\t\t<\/div>\n\t\t\t\t<\/div>\n\t\t\t\t\t<\/div>\n\t\t<\/div>\n\t\t\t\t\t<\/div>\n\t\t<\/section>\n\t\t\t\t<section class=\"elementor-section elementor-top-section elementor-element elementor-element-ec38da2 elementor-section-boxed elementor-section-height-default elementor-section-height-default\" data-id=\"ec38da2\" data-element_type=\"section\">\n\t\t\t\t\t\t<div class=\"elementor-container elementor-column-gap-default\">\n\t\t\t\t\t<div class=\"elementor-column elementor-col-100 elementor-top-column elementor-element elementor-element-c7e68bc\" data-id=\"c7e68bc\" data-element_type=\"column\">\n\t\t\t<div class=\"elementor-widget-wrap elementor-element-populated\">\n\t\t\t\t\t\t<div class=\"elementor-element elementor-element-768c596 elementor-widget elementor-widget-text-editor\" data-id=\"768c596\" data-element_type=\"widget\" data-widget_type=\"text-editor.default\">\n\t\t\t\t<div class=\"elementor-widget-container\">\n\t\t\t\t\t\t\t<h3 data-start=\"4297\" data-end=\"4345\"><strong data-start=\"4303\" data-end=\"4345\">Behobia\u2013San Sebasti\u00e1n \u2013 8 de noviembre<\/strong><\/h3><p data-start=\"4347\" data-end=\"4641\">La <strong data-start=\"4350\" data-end=\"4375\">Behobia\u2013San Sebasti\u00e1n<\/strong>, con sus <strong data-start=\"4385\" data-end=\"4402\">20 kil\u00f3metros<\/strong> de recorrido, es una de las carreras m\u00e1s populares de Europa. Cada edici\u00f3n re\u00fane a cerca de <strong data-start=\"4495\" data-end=\"4516\">30.000 corredores<\/strong>, y su ambiente, el apoyo constante del p\u00fablico y su historia la convierten en una cita imprescindible del calendario runner.<\/p>\t\t\t\t\t\t<\/div>\n\t\t\t\t<\/div>\n\t\t\t\t\t<\/div>\n\t\t<\/div>\n\t\t\t\t\t<\/div>\n\t\t<\/section>\n\t\t\t\t<section class=\"elementor-section elementor-top-section elementor-element elementor-element-bdfbd22 elementor-section-boxed elementor-section-height-default elementor-section-height-default\" data-id=\"bdfbd22\" data-element_type=\"section\">\n\t\t\t\t\t\t<div class=\"elementor-container elementor-column-gap-default\">\n\t\t\t\t\t<div class=\"elementor-column elementor-col-100 elementor-top-column elementor-element elementor-element-f1d2799\" data-id=\"f1d2799\" data-element_type=\"column\">\n\t\t\t<div class=\"elementor-widget-wrap elementor-element-populated\">\n\t\t\t\t\t\t<div class=\"elementor-element elementor-element-8a54c6d elementor-widget elementor-widget-text-editor\" data-id=\"8a54c6d\" data-element_type=\"widget\" data-widget_type=\"text-editor.default\">\n\t\t\t\t<div class=\"elementor-widget-container\">\n\t\t\t\t\t\t\t<h3 data-start=\"4648\" data-end=\"4692\"><strong data-start=\"4654\" data-end=\"4692\">Maratona do Porto \u2013 8 de noviembre<\/strong><\/h3><p data-start=\"4694\" data-end=\"4964\">La <strong data-start=\"4697\" data-end=\"4718\">Maratona do Porto<\/strong>, disputada sobre <strong data-start=\"4736\" data-end=\"4757\">42,195 kil\u00f3metros<\/strong>, destaca por su recorrido junto al oc\u00e9ano Atl\u00e1ntico, combinando tramos urbanos y costeros. Es una prueba con creciente proyecci\u00f3n internacional, muy valorada por los corredores por su entorno y su ambiente.<\/p>\t\t\t\t\t\t<\/div>\n\t\t\t\t<\/div>\n\t\t\t\t<div class=\"elementor-element elementor-element-4cc50c2 elementor-widget elementor-widget-image\" data-id=\"4cc50c2\" data-element_type=\"widget\" data-widget_type=\"image.default\">\n\t\t\t\t<div class=\"elementor-widget-container\">\n\t\t\t\t\t\t\t\t\t\t\t\t\t<img loading=\"lazy\" decoding=\"async\" width=\"768\" height=\"512\" src=\"https:\/\/www.joma-sport.com\/blog\/wp-content\/uploads\/2026\/01\/Sin-titulo-250-x-250-px-1024-x-683-px-12-768x512.png\" class=\"attachment-medium_large size-medium_large wp-image-111968\" alt=\"\" srcset=\"https:\/\/www.joma-sport.com\/blog\/wp-content\/uploads\/2026\/01\/Sin-titulo-250-x-250-px-1024-x-683-px-12-768x512.png 768w, https:\/\/www.joma-sport.com\/blog\/wp-content\/uploads\/2026\/01\/Sin-titulo-250-x-250-px-1024-x-683-px-12-300x200.png 300w, https:\/\/www.joma-sport.com\/blog\/wp-content\/uploads\/2026\/01\/Sin-titulo-250-x-250-px-1024-x-683-px-12-455x303.png 455w, https:\/\/www.joma-sport.com\/blog\/wp-content\/uploads\/2026\/01\/Sin-titulo-250-x-250-px-1024-x-683-px-12.png 1024w\" sizes=\"(max-width: 768px) 100vw, 768px\" \/>\t\t\t\t\t\t\t\t\t\t\t\t\t<\/div>\n\t\t\t\t<\/div>\n\t\t\t\t\t<\/div>\n\t\t<\/div>\n\t\t\t\t\t<\/div>\n\t\t<\/section>\n\t\t\t\t<section class=\"elementor-section elementor-top-section elementor-element elementor-element-2263386 elementor-section-boxed elementor-section-height-default elementor-section-height-default\" data-id=\"2263386\" data-element_type=\"section\">\n\t\t\t\t\t\t<div class=\"elementor-container elementor-column-gap-default\">\n\t\t\t\t\t<div class=\"elementor-column elementor-col-100 elementor-top-column elementor-element elementor-element-1af2234\" data-id=\"1af2234\" data-element_type=\"column\">\n\t\t\t<div class=\"elementor-widget-wrap elementor-element-populated\">\n\t\t\t\t\t\t<div class=\"elementor-element elementor-element-4641231 elementor-widget elementor-widget-text-editor\" data-id=\"4641231\" data-element_type=\"widget\" data-widget_type=\"text-editor.default\">\n\t\t\t\t<div class=\"elementor-widget-container\">\n\t\t\t\t\t\t\t<h3 data-start=\"253\" data-end=\"299\"><strong data-start=\"259\" data-end=\"299\">Nocturna de Toledo \u2013 15 de noviembre<\/strong><\/h3><p data-start=\"301\" data-end=\"766\">La <strong data-start=\"304\" data-end=\"326\">Nocturna de Toledo<\/strong> ofrece una experiencia diferente: correr de noche por una <strong data-start=\"385\" data-end=\"415\">ciudad hist\u00f3rica iluminada<\/strong>, en un entorno patrimonial \u00fanico. Se trata, adem\u00e1s, de una cita <strong data-start=\"480\" data-end=\"521\">especialmente significativa para Joma<\/strong>, ya que la marca tiene su origen en <strong data-start=\"558\" data-end=\"580\">Portillo de Toledo<\/strong>, lo que refuerza el v\u00ednculo emocional y territorial con esta prueba.<\/p>\t\t\t\t\t\t<\/div>\n\t\t\t\t<\/div>\n\t\t\t\t<div class=\"elementor-element elementor-element-43c6ccb elementor-widget elementor-widget-image\" data-id=\"43c6ccb\" data-element_type=\"widget\" data-widget_type=\"image.default\">\n\t\t\t\t<div class=\"elementor-widget-container\">\n\t\t\t\t\t\t\t\t\t\t\t\t\t<img loading=\"lazy\" decoding=\"async\" width=\"768\" height=\"512\" src=\"https:\/\/www.joma-sport.com\/blog\/wp-content\/uploads\/2026\/01\/Sin-titulo-250-x-250-px-1024-x-683-px-13-768x512.png\" class=\"attachment-medium_large size-medium_large wp-image-111977\" alt=\"\" srcset=\"https:\/\/www.joma-sport.com\/blog\/wp-content\/uploads\/2026\/01\/Sin-titulo-250-x-250-px-1024-x-683-px-13-768x512.png 768w, https:\/\/www.joma-sport.com\/blog\/wp-content\/uploads\/2026\/01\/Sin-titulo-250-x-250-px-1024-x-683-px-13-300x200.png 300w, https:\/\/www.joma-sport.com\/blog\/wp-content\/uploads\/2026\/01\/Sin-titulo-250-x-250-px-1024-x-683-px-13-455x303.png 455w, https:\/\/www.joma-sport.com\/blog\/wp-content\/uploads\/2026\/01\/Sin-titulo-250-x-250-px-1024-x-683-px-13.png 1024w\" sizes=\"(max-width: 768px) 100vw, 768px\" \/>\t\t\t\t\t\t\t\t\t\t\t\t\t<\/div>\n\t\t\t\t<\/div>\n\t\t\t\t\t<\/div>\n\t\t<\/div>\n\t\t\t\t\t<\/div>\n\t\t<\/section>\n\t\t\t\t<section class=\"elementor-section elementor-top-section elementor-element elementor-element-47f57d0 elementor-section-boxed elementor-section-height-default elementor-section-height-default\" data-id=\"47f57d0\" data-element_type=\"section\">\n\t\t\t\t\t\t<div class=\"elementor-container elementor-column-gap-default\">\n\t\t\t\t\t<div class=\"elementor-column elementor-col-100 elementor-top-column elementor-element elementor-element-2dd97c4\" data-id=\"2dd97c4\" data-element_type=\"column\">\n\t\t\t<div class=\"elementor-widget-wrap elementor-element-populated\">\n\t\t\t\t\t\t<div class=\"elementor-element elementor-element-43bdb76 elementor-widget elementor-widget-text-editor\" data-id=\"43bdb76\" data-element_type=\"widget\" data-widget_type=\"text-editor.default\">\n\t\t\t\t<div class=\"elementor-widget-container\">\n\t\t\t\t\t\t\t<h3 data-start=\"5259\" data-end=\"5305\"><strong data-start=\"5267\" data-end=\"5305\">Firenze Marathon \u2013 29 de noviembre<\/strong><\/h3><p data-start=\"5307\" data-end=\"5602\">El calendario Joma 2026 se cerrar\u00e1 con la <strong data-start=\"5349\" data-end=\"5369\">Firenze Marathon<\/strong>, una de las maratones <strong>m\u00e1s prestigiosas de Italia y de Europa<\/strong>. Su recorrido r\u00e1pido y su<strong> paso por el centro hist\u00f3rico de Florencia<\/strong> la convierten en una cita muy apreciada tanto por corredores populares como por atletas de alto nivel.<\/p>\t\t\t\t\t\t<\/div>\n\t\t\t\t<\/div>\n\t\t\t\t\t<\/div>\n\t\t<\/div>\n\t\t\t\t\t<\/div>\n\t\t<\/section>\n\t\t\t\t<section class=\"elementor-section elementor-top-section elementor-element elementor-element-1f69ccd elementor-section-boxed elementor-section-height-default elementor-section-height-default\" data-id=\"1f69ccd\" data-element_type=\"section\">\n\t\t\t\t\t\t<div class=\"elementor-container elementor-column-gap-default\">\n\t\t\t\t\t<div class=\"elementor-column elementor-col-100 elementor-top-column elementor-element elementor-element-41a150c\" data-id=\"41a150c\" data-element_type=\"column\">\n\t\t\t<div class=\"elementor-widget-wrap elementor-element-populated\">\n\t\t\t\t\t\t<div class=\"elementor-element elementor-element-00551c1 elementor-widget elementor-widget-text-editor\" data-id=\"00551c1\" data-element_type=\"widget\" data-widget_type=\"text-editor.default\">\n\t\t\t\t<div class=\"elementor-widget-container\">\n\t\t\t\t\t\t\t<h2 data-start=\"5609\" data-end=\"5651\"><strong data-start=\"5612\" data-end=\"5651\">Un calendario que va mucho m\u00e1s all\u00e1<\/strong><\/h2><p data-start=\"5653\" data-end=\"5956\">Adem\u00e1s de estas citas destacadas, el <strong data-start=\"5690\" data-end=\"5725\">calendario de running Joma 2026<\/strong> se completa con la participaci\u00f3n en numerosas carreras a lo largo del a\u00f1o, tanto a nivel nacional como internacional. Todas ellas forman parte del compromiso de la marca con el running y con la comunidad runner en cada territorio.<\/p>\t\t\t\t\t\t<\/div>\n\t\t\t\t<\/div>\n\t\t\t\t\t<\/div>\n\t\t<\/div>\n\t\t\t\t\t<\/div>\n\t\t<\/section>\n\t\t\t\t<\/div>\n\t\t","protected":false},"excerpt":{"rendered":"<p>Un a\u00f1o de expansi\u00f3n internacional con carreras de referencia en Europa y \u00c1frica El calendario de running de Joma para [&hellip;]<\/p>\n","protected":false},"author":1,"featured_media":111814,"comment_status":"closed","ping_status":"closed","sticky":false,"template":"","format":"standard","meta":[],"categories":[93],"tags":[78],"yoast_head":"<!-- This site is optimized with the Yoast SEO plugin v21.1 - https:\/\/yoast.com\/wordpress\/plugins\/seo\/ -->\n<title>Las grandes ciudades del running internacional marcan el calendario 2026 de Joma - Joma World<\/title>\n<meta name=\"description\" content=\"Descubre el calendario de running 2026 de Joma con carreras internacionales en Europa y \u00c1frica: maratones, medias y pruebas emblem\u00e1ticas.\" \/>\n<meta name=\"robots\" content=\"index, follow, max-snippet:-1, max-image-preview:large, max-video-preview:-1\" \/>\n<link rel=\"canonical\" href=\"https:\/\/www.joma-sport.com\/blog\/calendario-running-joma-2026-carreras-internacionales\/\" \/>\n<meta property=\"og:locale\" content=\"es_ES\" \/>\n<meta property=\"og:type\" content=\"article\" \/>\n<meta property=\"og:title\" content=\"Las grandes ciudades del running internacional marcan el calendario 2026 de Joma - Joma World\" \/>\n<meta property=\"og:description\" content=\"Descubre el calendario de running 2026 de Joma con carreras internacionales en Europa y \u00c1frica: maratones, medias y pruebas emblem\u00e1ticas.\" \/>\n<meta property=\"og:url\" content=\"https:\/\/www.joma-sport.com\/blog\/calendario-running-joma-2026-carreras-internacionales\/\" \/>\n<meta property=\"og:site_name\" content=\"Joma World\" \/>\n<meta property=\"article:published_time\" content=\"2026-01-28T08:33:09+00:00\" \/>\n<meta property=\"og:image\" content=\"https:\/\/www.joma-sport.com\/blog\/wp-content\/uploads\/2026\/01\/tamano-blog-60.png\" \/>\n\t<meta property=\"og:image:width\" content=\"696\" \/>\n\t<meta property=\"og:image:height\" content=\"518\" \/>\n\t<meta property=\"og:image:type\" content=\"image\/png\" \/>\n<meta name=\"author\" content=\"JOMA\" \/>\n<meta name=\"twitter:card\" content=\"summary_large_image\" \/>\n<meta name=\"twitter:label1\" content=\"Escrito por\" \/>\n\t<meta name=\"twitter:data1\" content=\"JOMA\" \/>\n\t<meta name=\"twitter:label2\" content=\"Tiempo de lectura\" \/>\n\t<meta name=\"twitter:data2\" content=\"5 minutos\" \/>\n<script type=\"application\/ld+json\" class=\"yoast-schema-graph\">{\"@context\":\"https:\/\/schema.org\",\"@graph\":[{\"@type\":\"WebPage\",\"@id\":\"https:\/\/www.joma-sport.com\/blog\/calendario-running-joma-2026-carreras-internacionales\/\",\"url\":\"https:\/\/www.joma-sport.com\/blog\/calendario-running-joma-2026-carreras-internacionales\/\",\"name\":\"Las grandes ciudades del running internacional marcan el calendario 2026 de Joma - Joma World\",\"isPartOf\":{\"@id\":\"https:\/\/www.joma-sport.com\/blog\/#website\"},\"datePublished\":\"2026-01-28T08:33:09+00:00\",\"dateModified\":\"2026-01-28T08:33:09+00:00\",\"author\":{\"@id\":\"https:\/\/www.joma-sport.com\/blog\/#\/schema\/person\/8467085eeea397781a9e5a5bd0211eab\"},\"description\":\"Descubre el calendario de running 2026 de Joma con carreras internacionales en Europa y \u00c1frica: maratones, medias y pruebas emblem\u00e1ticas.\",\"inLanguage\":\"es\",\"potentialAction\":[{\"@type\":\"ReadAction\",\"target\":[\"https:\/\/www.joma-sport.com\/blog\/calendario-running-joma-2026-carreras-internacionales\/\"]}]},{\"@type\":\"WebSite\",\"@id\":\"https:\/\/www.joma-sport.com\/blog\/#website\",\"url\":\"https:\/\/www.joma-sport.com\/blog\/\",\"name\":\"Joma World\",\"description\":\"Inside Joma\",\"potentialAction\":[{\"@type\":\"SearchAction\",\"target\":{\"@type\":\"EntryPoint\",\"urlTemplate\":\"https:\/\/www.joma-sport.com\/blog\/?s={search_term_string}\"},\"query-input\":\"required name=search_term_string\"}],\"inLanguage\":\"es\"},{\"@type\":\"Person\",\"@id\":\"https:\/\/www.joma-sport.com\/blog\/#\/schema\/person\/8467085eeea397781a9e5a5bd0211eab\",\"name\":\"JOMA\",\"image\":{\"@type\":\"ImageObject\",\"inLanguage\":\"es\",\"@id\":\"https:\/\/www.joma-sport.com\/blog\/#\/schema\/person\/image\/\",\"url\":\"https:\/\/secure.gravatar.com\/avatar\/6e6444480edb84ebaf5afa2a3a5cea7e?s=96&d=mm&r=g\",\"contentUrl\":\"https:\/\/secure.gravatar.com\/avatar\/6e6444480edb84ebaf5afa2a3a5cea7e?s=96&d=mm&r=g\",\"caption\":\"JOMA\"},\"url\":\"https:\/\/www.joma-sport.com\/blog\/author\/jomanews\/\"}]}<\/script>\n<!-- \/ Yoast SEO plugin. -->","yoast_head_json":{"title":"Las grandes ciudades del running internacional marcan el calendario 2026 de Joma - Joma World","description":"Descubre el calendario de running 2026 de Joma con carreras internacionales en Europa y \u00c1frica: maratones, medias y pruebas emblem\u00e1ticas.","robots":{"index":"index","follow":"follow","max-snippet":"max-snippet:-1","max-image-preview":"max-image-preview:large","max-video-preview":"max-video-preview:-1"},"canonical":"https:\/\/www.joma-sport.com\/blog\/calendario-running-joma-2026-carreras-internacionales\/","og_locale":"es_ES","og_type":"article","og_title":"Las grandes ciudades del running internacional marcan el calendario 2026 de Joma - Joma World","og_description":"Descubre el calendario de running 2026 de Joma con carreras internacionales en Europa y \u00c1frica: maratones, medias y pruebas emblem\u00e1ticas.","og_url":"https:\/\/www.joma-sport.com\/blog\/calendario-running-joma-2026-carreras-internacionales\/","og_site_name":"Joma World","article_published_time":"2026-01-28T08:33:09+00:00","og_image":[{"width":696,"height":518,"url":"https:\/\/www.joma-sport.com\/blog\/wp-content\/uploads\/2026\/01\/tamano-blog-60.png","type":"image\/png"}],"author":"JOMA","twitter_card":"summary_large_image","twitter_misc":{"Escrito por":"JOMA","Tiempo de lectura":"5 minutos"},"schema":{"@context":"https:\/\/schema.org","@graph":[{"@type":"WebPage","@id":"https:\/\/www.joma-sport.com\/blog\/calendario-running-joma-2026-carreras-internacionales\/","url":"https:\/\/www.joma-sport.com\/blog\/calendario-running-joma-2026-carreras-internacionales\/","name":"Las grandes ciudades del running internacional marcan el calendario 2026 de Joma - Joma World","isPartOf":{"@id":"https:\/\/www.joma-sport.com\/blog\/#website"},"datePublished":"2026-01-28T08:33:09+00:00","dateModified":"2026-01-28T08:33:09+00:00","author":{"@id":"https:\/\/www.joma-sport.com\/blog\/#\/schema\/person\/8467085eeea397781a9e5a5bd0211eab"},"description":"Descubre el calendario de running 2026 de Joma con carreras internacionales en Europa y \u00c1frica: maratones, medias y pruebas emblem\u00e1ticas.","inLanguage":"es","potentialAction":[{"@type":"ReadAction","target":["https:\/\/www.joma-sport.com\/blog\/calendario-running-joma-2026-carreras-internacionales\/"]}]},{"@type":"WebSite","@id":"https:\/\/www.joma-sport.com\/blog\/#website","url":"https:\/\/www.joma-sport.com\/blog\/","name":"Joma World","description":"Inside Joma","potentialAction":[{"@type":"SearchAction","target":{"@type":"EntryPoint","urlTemplate":"https:\/\/www.joma-sport.com\/blog\/?s={search_term_string}"},"query-input":"required name=search_term_string"}],"inLanguage":"es"},{"@type":"Person","@id":"https:\/\/www.joma-sport.com\/blog\/#\/schema\/person\/8467085eeea397781a9e5a5bd0211eab","name":"JOMA","image":{"@type":"ImageObject","inLanguage":"es","@id":"https:\/\/www.joma-sport.com\/blog\/#\/schema\/person\/image\/","url":"https:\/\/secure.gravatar.com\/avatar\/6e6444480edb84ebaf5afa2a3a5cea7e?s=96&d=mm&r=g","contentUrl":"https:\/\/secure.gravatar.com\/avatar\/6e6444480edb84ebaf5afa2a3a5cea7e?s=96&d=mm&r=g","caption":"JOMA"},"url":"https:\/\/www.joma-sport.com\/blog\/author\/jomanews\/"}]}},"_links":{"self":[{"href":"https:\/\/www.joma-sport.com\/blog\/wp-json\/wp\/v2\/posts\/111812"}],"collection":[{"href":"https:\/\/www.joma-sport.com\/blog\/wp-json\/wp\/v2\/posts"}],"about":[{"href":"https:\/\/www.joma-sport.com\/blog\/wp-json\/wp\/v2\/types\/post"}],"author":[{"embeddable":true,"href":"https:\/\/www.joma-sport.com\/blog\/wp-json\/wp\/v2\/users\/1"}],"replies":[{"embeddable":true,"href":"https:\/\/www.joma-sport.com\/blog\/wp-json\/wp\/v2\/comments?post=111812"}],"version-history":[{"count":27,"href":"https:\/\/www.joma-sport.com\/blog\/wp-json\/wp\/v2\/posts\/111812\/revisions"}],"predecessor-version":[{"id":112987,"href":"https:\/\/www.joma-sport.com\/blog\/wp-json\/wp\/v2\/posts\/111812\/revisions\/112987"}],"wp:featuredmedia":[{"embeddable":true,"href":"https:\/\/www.joma-sport.com\/blog\/wp-json\/wp\/v2\/media\/111814"}],"wp:attachment":[{"href":"https:\/\/www.joma-sport.com\/blog\/wp-json\/wp\/v2\/media?parent=111812"}],"wp:term":[{"taxonomy":"category","embeddable":true,"href":"https:\/\/www.joma-sport.com\/blog\/wp-json\/wp\/v2\/categories?post=111812"},{"taxonomy":"post_tag","embeddable":true,"href":"https:\/\/www.joma-sport.com\/blog\/wp-json\/wp\/v2\/tags?post=111812"}],"curies":[{"name":"wp","href":"https:\/\/api.w.org\/{rel}","templated":true}]}}