{"id":100800,"date":"2025-08-28T15:15:36","date_gmt":"2025-08-28T15:15:36","guid":{"rendered":"https:\/\/www.joma-sport.com\/blog\/?p=100800"},"modified":"2025-08-28T15:17:51","modified_gmt":"2025-08-28T15:17:51","slug":"el-modelo-casual-joma-que-ha-acompanado-al-rey-felipe-vi-en-un-acto-publico","status":"publish","type":"post","link":"https:\/\/www.joma-sport.com\/blog\/el-modelo-casual-joma-que-ha-acompanado-al-rey-felipe-vi-en-un-acto-publico\/","title":{"rendered":"La zapatilla Joma que ha acompa\u00f1ado al Rey Felipe VI en su \u00faltimo acto p\u00fablico"},"content":{"rendered":"\t\t<div data-elementor-type=\"wp-post\" data-elementor-id=\"100800\" class=\"elementor elementor-100800\">\n\t\t\t\t\t\t<section class=\"elementor-section elementor-top-section elementor-element elementor-element-926a0ea elementor-section-boxed elementor-section-height-default elementor-section-height-default\" data-id=\"926a0ea\" data-element_type=\"section\">\n\t\t\t\t\t\t<div class=\"elementor-container elementor-column-gap-default\">\n\t\t\t\t\t<div class=\"elementor-column elementor-col-100 elementor-top-column elementor-element elementor-element-4551529\" data-id=\"4551529\" data-element_type=\"column\">\n\t\t\t<div class=\"elementor-widget-wrap elementor-element-populated\">\n\t\t\t\t\t\t<div class=\"elementor-element elementor-element-db2f376 elementor-widget elementor-widget-text-editor\" data-id=\"db2f376\" data-element_type=\"widget\" data-widget_type=\"text-editor.default\">\n\t\t\t\t<div class=\"elementor-widget-container\">\n\t\t\t<style>\/*! elementor - v3.23.0 - 05-08-2024 *\/\n.elementor-widget-text-editor.elementor-drop-cap-view-stacked .elementor-drop-cap{background-color:#69727d;color:#fff}.elementor-widget-text-editor.elementor-drop-cap-view-framed .elementor-drop-cap{color:#69727d;border:3px solid;background-color:transparent}.elementor-widget-text-editor:not(.elementor-drop-cap-view-default) .elementor-drop-cap{margin-top:8px}.elementor-widget-text-editor:not(.elementor-drop-cap-view-default) .elementor-drop-cap-letter{width:1em;height:1em}.elementor-widget-text-editor .elementor-drop-cap{float:left;text-align:center;line-height:1;font-size:50px}.elementor-widget-text-editor .elementor-drop-cap-letter{display:inline-block}<\/style>\t\t\t\t<h2><strong>El Rey Felipe VI ha vuelto a confiar en Joma para acudir a un acto p\u00fablico. En esta ocasi\u00f3n, se le ha podido ver con el modelo vers\u00e1til y elegante C.220<\/strong><\/h2><p><span style=\"font-weight: 400;\">Este jueves, los Reyes han acudido a las zonas m\u00e1s afectadas por los incendios forestales de este verano. Durante esta visita, <strong>el Rey Felipe VI ha optado por lucir el modelo Joma C.220<\/strong>, una zapatilla de vestir casual que combina dise\u00f1o atemporal y comodidad. Este modelo refleja la <strong>versatilidad y elegancia que caracteriza a la marca espa\u00f1ola<\/strong> y que confirma por qu\u00e9 el Rey elige Joma para acudir a actos de gran relevancia, con un estilo casual pero cuidado.\u00a0<\/span><\/p><p><span style=\"font-weight: 400;\">De hecho, <strong>no es la primera vez que el Rey Felipe VI opta por el <a href=\"https:\/\/www.joma-sport.com\/es_ES\/hombre\/calzado-hombre\/casual\/\" target=\"_blank\" rel=\"noopener\">calzado Joma<\/a><\/strong> para acudir a alg\u00fan acto institucional. Esta elecci\u00f3n demuestra una vez m\u00e1s c\u00f3mo Joma hace que comodidad y estilo vayan de la mano, incluso en actos de car\u00e1cter oficial. Adem\u00e1s de aportar elegancia, estas zapatillas ofrecen la practicidad y el confort que se necesitan durante largas jornadas, siendo <strong>perfectas para aquellos que buscan un calzado vers\u00e1til, de calidad y actual<\/strong>.<\/span><\/p>\t\t\t\t\t\t<\/div>\n\t\t\t\t<\/div>\n\t\t\t\t\t<\/div>\n\t\t<\/div>\n\t\t\t\t\t<\/div>\n\t\t<\/section>\n\t\t\t\t<section class=\"elementor-section elementor-top-section elementor-element elementor-element-747715c elementor-section-boxed elementor-section-height-default elementor-section-height-default\" data-id=\"747715c\" data-element_type=\"section\">\n\t\t\t\t\t\t<div class=\"elementor-container elementor-column-gap-default\">\n\t\t\t\t\t<div class=\"elementor-column elementor-col-100 elementor-top-column elementor-element elementor-element-9e9ba41\" data-id=\"9e9ba41\" data-element_type=\"column\">\n\t\t\t<div class=\"elementor-widget-wrap elementor-element-populated\">\n\t\t\t\t\t\t<div class=\"elementor-element elementor-element-546b5de elementor-widget elementor-widget-text-editor\" data-id=\"546b5de\" data-element_type=\"widget\" data-widget_type=\"text-editor.default\">\n\t\t\t\t<div class=\"elementor-widget-container\">\n\t\t\t\t\t\t\t<h2><strong>C\u00f3mo es el modelo C.220 que ha elegido el Rey\u00a0<\/strong><\/h2><p><span style=\"font-weight: 400;\">Estas <a href=\"https:\/\/www.joma-sport.com\/es_ES\/hombre\/calzado-hombre\/casual\/\" target=\"_blank\" rel=\"noopener\">zapatillas de estilo casual<\/a> y elegante, aportan comodidad y estilo. Por eso, son ideales para uso diario y combinan a la perfecci\u00f3n con cualquier look que necesite un extra de confort.<\/span><\/p><p><span style=\"font-weight: 400;\">Por un lado, su upper ofrece la combinaci\u00f3n perfecta entre <strong>comodidad, funcionalidad y estilo.<\/strong> Ligero y transpirable, <strong>mantiene los pies frescos y secos<\/strong> durante todo el d\u00eda, mientras que su <strong>resistencia a roces y deformaciones<\/strong> asegura durabilidad incluso en el uso m\u00e1s exigente. Adem\u00e1s, su dise\u00f1o vers\u00e1til redefine el <a href=\"https:\/\/www.joma-sport.com\/es_ES\/hombre\/calzado-hombre\/casual\/\" target=\"_blank\" rel=\"noopener\">calzado deportivo de uso casual<\/a>, fusionando comodidad con estilo para que cualquier look diario sea elegante.<\/span><\/p><p><span style=\"font-weight: 400;\">Por otro lado, la mediasuela de phylon absorbe cada impacto al caminar y, junto con el estabilizador trasero, otorgan un soporte extra. Finalmente, la suela de <strong>caucho DURABILITY<\/strong> resistente al desgaste y se adapta a cada paso gracias al <strong>sistema de l\u00edneas de flexi\u00f3n FLEXO<\/strong>, que facilita la transici\u00f3n de la pisada.<\/span><\/p>\t\t\t\t\t\t<\/div>\n\t\t\t\t<\/div>\n\t\t\t\t\t<\/div>\n\t\t<\/div>\n\t\t\t\t\t<\/div>\n\t\t<\/section>\n\t\t\t\t<section class=\"elementor-section elementor-top-section elementor-element elementor-element-c4c6cd3 elementor-section-boxed elementor-section-height-default elementor-section-height-default\" data-id=\"c4c6cd3\" data-element_type=\"section\">\n\t\t\t\t\t\t<div class=\"elementor-container elementor-column-gap-default\">\n\t\t\t\t\t<div class=\"elementor-column elementor-col-100 elementor-top-column elementor-element elementor-element-e19ad7e\" data-id=\"e19ad7e\" data-element_type=\"column\">\n\t\t\t<div class=\"elementor-widget-wrap elementor-element-populated\">\n\t\t\t\t\t\t<div class=\"elementor-element elementor-element-599180a elementor-widget elementor-widget-text-editor\" data-id=\"599180a\" data-element_type=\"widget\" data-widget_type=\"text-editor.default\">\n\t\t\t\t<div class=\"elementor-widget-container\">\n\t\t\t\t\t\t\t<p><span style=\"font-weight: 400;\">Los <strong>Reyes ya visitaron las instalaciones de Joma en 2018<\/strong> con motivo del 50 aniversario de la compa\u00f1\u00eda, fundada por Fructuoso L\u00f3pez en 1965.<\/span><\/p>\t\t\t\t\t\t<\/div>\n\t\t\t\t<\/div>\n\t\t\t\t\t<\/div>\n\t\t<\/div>\n\t\t\t\t\t<\/div>\n\t\t<\/section>\n\t\t\t\t<\/div>\n\t\t","protected":false},"excerpt":{"rendered":"<p>El Rey Felipe VI ha vuelto a confiar en Joma para acudir a un acto p\u00fablico. En esta ocasi\u00f3n, se [&hellip;]<\/p>\n","protected":false},"author":1,"featured_media":100806,"comment_status":"closed","ping_status":"closed","sticky":false,"template":"","format":"standard","meta":[],"categories":[1],"tags":[],"yoast_head":"<!-- This site is optimized with the Yoast SEO plugin v21.1 - https:\/\/yoast.com\/wordpress\/plugins\/seo\/ -->\n<title>La zapatilla Joma que ha acompa\u00f1ado al Rey Felipe VI en su \u00faltimo acto p\u00fablico - Joma World<\/title>\n<meta name=\"description\" content=\"Durante esta visita, el Rey Felipe VI ha optado por lucir el modelo Joma C.220, una zapatilla de vestir casual que combina dise\u00f1o atemporal y comodidad.\" \/>\n<meta name=\"robots\" content=\"index, follow, max-snippet:-1, max-image-preview:large, max-video-preview:-1\" \/>\n<link rel=\"canonical\" href=\"https:\/\/www.joma-sport.com\/blog\/el-modelo-casual-joma-que-ha-acompanado-al-rey-felipe-vi-en-un-acto-publico\/\" \/>\n<meta property=\"og:locale\" content=\"es_ES\" \/>\n<meta property=\"og:type\" content=\"article\" \/>\n<meta property=\"og:title\" content=\"La zapatilla Joma que ha acompa\u00f1ado al Rey Felipe VI en su \u00faltimo acto p\u00fablico - Joma World\" \/>\n<meta property=\"og:description\" content=\"Durante esta visita, el Rey Felipe VI ha optado por lucir el modelo Joma C.220, una zapatilla de vestir casual que combina dise\u00f1o atemporal y comodidad.\" \/>\n<meta property=\"og:url\" content=\"https:\/\/www.joma-sport.com\/blog\/el-modelo-casual-joma-que-ha-acompanado-al-rey-felipe-vi-en-un-acto-publico\/\" \/>\n<meta property=\"og:site_name\" content=\"Joma World\" \/>\n<meta property=\"article:published_time\" content=\"2025-08-28T15:15:36+00:00\" \/>\n<meta property=\"article:modified_time\" content=\"2025-08-28T15:17:51+00:00\" \/>\n<meta property=\"og:image\" content=\"https:\/\/www.joma-sport.com\/blog\/wp-content\/uploads\/2025\/08\/339b17df-3682-4f6e-a48f-803b6c5cc74f.jpeg\" \/>\n\t<meta property=\"og:image:width\" content=\"696\" \/>\n\t<meta property=\"og:image:height\" content=\"518\" \/>\n\t<meta property=\"og:image:type\" content=\"image\/jpeg\" \/>\n<meta name=\"author\" content=\"JOMA\" \/>\n<meta name=\"twitter:card\" content=\"summary_large_image\" \/>\n<meta name=\"twitter:label1\" content=\"Escrito por\" \/>\n\t<meta name=\"twitter:data1\" content=\"JOMA\" \/>\n\t<meta name=\"twitter:label2\" content=\"Tiempo de lectura\" \/>\n\t<meta name=\"twitter:data2\" content=\"2 minutos\" \/>\n<script type=\"application\/ld+json\" class=\"yoast-schema-graph\">{\"@context\":\"https:\/\/schema.org\",\"@graph\":[{\"@type\":\"WebPage\",\"@id\":\"https:\/\/www.joma-sport.com\/blog\/el-modelo-casual-joma-que-ha-acompanado-al-rey-felipe-vi-en-un-acto-publico\/\",\"url\":\"https:\/\/www.joma-sport.com\/blog\/el-modelo-casual-joma-que-ha-acompanado-al-rey-felipe-vi-en-un-acto-publico\/\",\"name\":\"La zapatilla Joma que ha acompa\u00f1ado al Rey Felipe VI en su \u00faltimo acto p\u00fablico - Joma World\",\"isPartOf\":{\"@id\":\"https:\/\/www.joma-sport.com\/blog\/#website\"},\"datePublished\":\"2025-08-28T15:15:36+00:00\",\"dateModified\":\"2025-08-28T15:17:51+00:00\",\"author\":{\"@id\":\"https:\/\/www.joma-sport.com\/blog\/#\/schema\/person\/8467085eeea397781a9e5a5bd0211eab\"},\"description\":\"Durante esta visita, el Rey Felipe VI ha optado por lucir el modelo Joma C.220, una zapatilla de vestir casual que combina dise\u00f1o atemporal y comodidad.\",\"inLanguage\":\"es\",\"potentialAction\":[{\"@type\":\"ReadAction\",\"target\":[\"https:\/\/www.joma-sport.com\/blog\/el-modelo-casual-joma-que-ha-acompanado-al-rey-felipe-vi-en-un-acto-publico\/\"]}]},{\"@type\":\"WebSite\",\"@id\":\"https:\/\/www.joma-sport.com\/blog\/#website\",\"url\":\"https:\/\/www.joma-sport.com\/blog\/\",\"name\":\"Joma World\",\"description\":\"Inside Joma\",\"potentialAction\":[{\"@type\":\"SearchAction\",\"target\":{\"@type\":\"EntryPoint\",\"urlTemplate\":\"https:\/\/www.joma-sport.com\/blog\/?s={search_term_string}\"},\"query-input\":\"required name=search_term_string\"}],\"inLanguage\":\"es\"},{\"@type\":\"Person\",\"@id\":\"https:\/\/www.joma-sport.com\/blog\/#\/schema\/person\/8467085eeea397781a9e5a5bd0211eab\",\"name\":\"JOMA\",\"image\":{\"@type\":\"ImageObject\",\"inLanguage\":\"es\",\"@id\":\"https:\/\/www.joma-sport.com\/blog\/#\/schema\/person\/image\/\",\"url\":\"https:\/\/secure.gravatar.com\/avatar\/6e6444480edb84ebaf5afa2a3a5cea7e?s=96&d=mm&r=g\",\"contentUrl\":\"https:\/\/secure.gravatar.com\/avatar\/6e6444480edb84ebaf5afa2a3a5cea7e?s=96&d=mm&r=g\",\"caption\":\"JOMA\"},\"url\":\"https:\/\/www.joma-sport.com\/blog\/author\/jomanews\/\"}]}<\/script>\n<!-- \/ Yoast SEO plugin. -->","yoast_head_json":{"title":"La zapatilla Joma que ha acompa\u00f1ado al Rey Felipe VI en su \u00faltimo acto p\u00fablico - Joma World","description":"Durante esta visita, el Rey Felipe VI ha optado por lucir el modelo Joma C.220, una zapatilla de vestir casual que combina dise\u00f1o atemporal y comodidad.","robots":{"index":"index","follow":"follow","max-snippet":"max-snippet:-1","max-image-preview":"max-image-preview:large","max-video-preview":"max-video-preview:-1"},"canonical":"https:\/\/www.joma-sport.com\/blog\/el-modelo-casual-joma-que-ha-acompanado-al-rey-felipe-vi-en-un-acto-publico\/","og_locale":"es_ES","og_type":"article","og_title":"La zapatilla Joma que ha acompa\u00f1ado al Rey Felipe VI en su \u00faltimo acto p\u00fablico - Joma World","og_description":"Durante esta visita, el Rey Felipe VI ha optado por lucir el modelo Joma C.220, una zapatilla de vestir casual que combina dise\u00f1o atemporal y comodidad.","og_url":"https:\/\/www.joma-sport.com\/blog\/el-modelo-casual-joma-que-ha-acompanado-al-rey-felipe-vi-en-un-acto-publico\/","og_site_name":"Joma World","article_published_time":"2025-08-28T15:15:36+00:00","article_modified_time":"2025-08-28T15:17:51+00:00","og_image":[{"width":696,"height":518,"url":"https:\/\/www.joma-sport.com\/blog\/wp-content\/uploads\/2025\/08\/339b17df-3682-4f6e-a48f-803b6c5cc74f.jpeg","type":"image\/jpeg"}],"author":"JOMA","twitter_card":"summary_large_image","twitter_misc":{"Escrito por":"JOMA","Tiempo de lectura":"2 minutos"},"schema":{"@context":"https:\/\/schema.org","@graph":[{"@type":"WebPage","@id":"https:\/\/www.joma-sport.com\/blog\/el-modelo-casual-joma-que-ha-acompanado-al-rey-felipe-vi-en-un-acto-publico\/","url":"https:\/\/www.joma-sport.com\/blog\/el-modelo-casual-joma-que-ha-acompanado-al-rey-felipe-vi-en-un-acto-publico\/","name":"La zapatilla Joma que ha acompa\u00f1ado al Rey Felipe VI en su \u00faltimo acto p\u00fablico - Joma World","isPartOf":{"@id":"https:\/\/www.joma-sport.com\/blog\/#website"},"datePublished":"2025-08-28T15:15:36+00:00","dateModified":"2025-08-28T15:17:51+00:00","author":{"@id":"https:\/\/www.joma-sport.com\/blog\/#\/schema\/person\/8467085eeea397781a9e5a5bd0211eab"},"description":"Durante esta visita, el Rey Felipe VI ha optado por lucir el modelo Joma C.220, una zapatilla de vestir casual que combina dise\u00f1o atemporal y comodidad.","inLanguage":"es","potentialAction":[{"@type":"ReadAction","target":["https:\/\/www.joma-sport.com\/blog\/el-modelo-casual-joma-que-ha-acompanado-al-rey-felipe-vi-en-un-acto-publico\/"]}]},{"@type":"WebSite","@id":"https:\/\/www.joma-sport.com\/blog\/#website","url":"https:\/\/www.joma-sport.com\/blog\/","name":"Joma World","description":"Inside Joma","potentialAction":[{"@type":"SearchAction","target":{"@type":"EntryPoint","urlTemplate":"https:\/\/www.joma-sport.com\/blog\/?s={search_term_string}"},"query-input":"required name=search_term_string"}],"inLanguage":"es"},{"@type":"Person","@id":"https:\/\/www.joma-sport.com\/blog\/#\/schema\/person\/8467085eeea397781a9e5a5bd0211eab","name":"JOMA","image":{"@type":"ImageObject","inLanguage":"es","@id":"https:\/\/www.joma-sport.com\/blog\/#\/schema\/person\/image\/","url":"https:\/\/secure.gravatar.com\/avatar\/6e6444480edb84ebaf5afa2a3a5cea7e?s=96&d=mm&r=g","contentUrl":"https:\/\/secure.gravatar.com\/avatar\/6e6444480edb84ebaf5afa2a3a5cea7e?s=96&d=mm&r=g","caption":"JOMA"},"url":"https:\/\/www.joma-sport.com\/blog\/author\/jomanews\/"}]}},"_links":{"self":[{"href":"https:\/\/www.joma-sport.com\/blog\/wp-json\/wp\/v2\/posts\/100800"}],"collection":[{"href":"https:\/\/www.joma-sport.com\/blog\/wp-json\/wp\/v2\/posts"}],"about":[{"href":"https:\/\/www.joma-sport.com\/blog\/wp-json\/wp\/v2\/types\/post"}],"author":[{"embeddable":true,"href":"https:\/\/www.joma-sport.com\/blog\/wp-json\/wp\/v2\/users\/1"}],"replies":[{"embeddable":true,"href":"https:\/\/www.joma-sport.com\/blog\/wp-json\/wp\/v2\/comments?post=100800"}],"version-history":[{"count":5,"href":"https:\/\/www.joma-sport.com\/blog\/wp-json\/wp\/v2\/posts\/100800\/revisions"}],"predecessor-version":[{"id":100805,"href":"https:\/\/www.joma-sport.com\/blog\/wp-json\/wp\/v2\/posts\/100800\/revisions\/100805"}],"wp:featuredmedia":[{"embeddable":true,"href":"https:\/\/www.joma-sport.com\/blog\/wp-json\/wp\/v2\/media\/100806"}],"wp:attachment":[{"href":"https:\/\/www.joma-sport.com\/blog\/wp-json\/wp\/v2\/media?parent=100800"}],"wp:term":[{"taxonomy":"category","embeddable":true,"href":"https:\/\/www.joma-sport.com\/blog\/wp-json\/wp\/v2\/categories?post=100800"},{"taxonomy":"post_tag","embeddable":true,"href":"https:\/\/www.joma-sport.com\/blog\/wp-json\/wp\/v2\/tags?post=100800"}],"curies":[{"name":"wp","href":"https:\/\/api.w.org\/{rel}","templated":true}]}}