{"id":60474,"date":"2022-08-18T12:51:47","date_gmt":"2022-08-18T12:51:47","guid":{"rendered":"https:\/\/www.joma-sport.com\/blog\/?p=60474"},"modified":"2022-08-18T12:56:43","modified_gmt":"2022-08-18T12:56:43","slug":"forte-presenca-da-joma-no-europeu-de-atletismo-2022","status":"publish","type":"post","link":"https:\/\/www.joma-sport.com\/blog\/pt-pt\/forte-presenca-da-joma-no-europeu-de-atletismo-2022\/","title":{"rendered":"Forte presen\u00e7a da Joma no Europeu de Atletismo 2022"},"content":{"rendered":"<h2>A marca espanhola veste cinco federa\u00e7\u00f5es nacionais nos Campeonatos Europeus de Atletismo: Espanha, Eslov\u00e9nia, S\u00e9rvia, Irlanda e Rep\u00fablica Checa.<\/h2>\n<p>Na celebra\u00e7\u00e3o do maior acontecimento europeu de atletismo, o <strong>Europeu de Atletismo Munique 2022<\/strong>, a empresa espanhola Joma est\u00e1 a exibir o seu potencial neste desporto. Um total de cinco federa\u00e7\u00f5es nacionais patrocinadas pela Joma competem em Munique: <strong>Espanha, Eslov\u00e9nia, S\u00e9rvia, Irlanda e Rep\u00fablica Checa.<\/strong><\/p>\n<p>O <strong><a href=\"https:\/\/www.joma-sport.com\/pt_PT\/desporto\/corrida\/\" target=\"_blank\" rel=\"noopener\">atletism<\/a>o<\/strong>, juntamente com o futebol, \u00e9 o desporto de nascimento da marca Joma e o seu desenvolvimento posicionou-a como uma das marcas de refer\u00eancia do mercado tanto no cal\u00e7ado como nos t\u00eaxteis. Isto \u00e9 demonstrado pela confian\u00e7a que o atletismo de alto n\u00edvel deposita na Joma, pois equipar atletas de elite s\u00f3 foi poss\u00edvel gra\u00e7as \u00e0 grande aposta no desenvolvimento de produtos, I+D+i e \u00e0 aplica\u00e7\u00e3o das tecnologias mais recentes.<\/p>\n<p>A Joma \u00e9 a patrocinadora da <strong><a href=\"https:\/\/www.joma-sport.com\/pt_PT\/kits-oficiais\/comites-e-federac%C3%B5es\/real-federac%C3%A3o-ezpanhola-de-atletismo.\/\" target=\"_blank\" rel=\"noopener\">Real Federa\u00e7\u00e3o Espanhola de Atletismo<\/a><\/strong> desde 2009. A partir da\u00ed, a marca tem estado presente em todas as competi\u00e7\u00f5es mundiais, europeias e nos Jogos Ol\u00edmpicos. A Espanha vieram juntar-se gradualmente outros pa\u00edses como a Eslov\u00e9nia, S\u00e9rvia, Irlanda e Rep\u00fablica Checa que se estreia em Munique com a Joma.<\/p>\n<p>Al\u00e9m das federa\u00e7\u00f5es presentes no Europeu, a Joma patrocina outras n\u00e3o continentais como M\u00e9xico, Marrocos ou Rep\u00fablica Dominicana e outras europeias que n\u00e3o se encontram em Munique como Gales e Esc\u00f3cia.<\/p>\n","protected":false},"excerpt":{"rendered":"<p>A marca espanhola veste cinco federa\u00e7\u00f5es nacionais nos Campeonatos Europeus de Atletismo: Espanha, Eslov\u00e9nia, S\u00e9rvia, Irlanda e Rep\u00fablica Checa. Na [&hellip;]<\/p>\n","protected":false},"author":4,"featured_media":59997,"comment_status":"closed","ping_status":"closed","sticky":false,"template":"","format":"standard","meta":[],"categories":[296,302],"tags":[240,382],"yoast_head":"<!-- This site is optimized with the Yoast SEO plugin v21.1 - https:\/\/yoast.com\/wordpress\/plugins\/seo\/ -->\n<title>Forte presen\u00e7a da Joma no Europeu de Atletismo 2022 - Joma World<\/title>\n<meta name=\"robots\" content=\"index, follow, max-snippet:-1, max-image-preview:large, max-video-preview:-1\" \/>\n<link rel=\"canonical\" href=\"https:\/\/www.joma-sport.com\/blog\/pt-pt\/forte-presenca-da-joma-no-europeu-de-atletismo-2022\/\" \/>\n<meta property=\"og:locale\" content=\"pt_PT\" \/>\n<meta property=\"og:type\" content=\"article\" \/>\n<meta property=\"og:title\" content=\"Forte presen\u00e7a da Joma no Europeu de Atletismo 2022 - Joma World\" \/>\n<meta property=\"og:description\" content=\"A marca espanhola veste cinco federa\u00e7\u00f5es nacionais nos Campeonatos Europeus de Atletismo: Espanha, Eslov\u00e9nia, S\u00e9rvia, Irlanda e Rep\u00fablica Checa. Na [&hellip;]\" \/>\n<meta property=\"og:url\" content=\"https:\/\/www.joma-sport.com\/blog\/pt-pt\/forte-presenca-da-joma-no-europeu-de-atletismo-2022\/\" \/>\n<meta property=\"og:site_name\" content=\"Joma World\" \/>\n<meta property=\"article:published_time\" content=\"2022-08-18T12:51:47+00:00\" \/>\n<meta property=\"article:modified_time\" content=\"2022-08-18T12:56:43+00:00\" \/>\n<meta property=\"og:image\" content=\"https:\/\/www.joma-sport.com\/blog\/wp-content\/uploads\/2022\/08\/NOTICIA-WEB-5.jpg\" \/>\n\t<meta property=\"og:image:width\" content=\"696\" \/>\n\t<meta property=\"og:image:height\" content=\"518\" \/>\n\t<meta property=\"og:image:type\" content=\"image\/jpeg\" \/>\n<meta name=\"author\" content=\"Joma Sport\" \/>\n<meta name=\"twitter:card\" content=\"summary_large_image\" \/>\n<meta name=\"twitter:label1\" content=\"Escrito por\" \/>\n\t<meta name=\"twitter:data1\" content=\"Joma Sport\" \/>\n\t<meta name=\"twitter:label2\" content=\"Tempo estimado de leitura\" \/>\n\t<meta name=\"twitter:data2\" content=\"2 minutos\" \/>\n<script type=\"application\/ld+json\" class=\"yoast-schema-graph\">{\"@context\":\"https:\/\/schema.org\",\"@graph\":[{\"@type\":\"WebPage\",\"@id\":\"https:\/\/www.joma-sport.com\/blog\/pt-pt\/forte-presenca-da-joma-no-europeu-de-atletismo-2022\/\",\"url\":\"https:\/\/www.joma-sport.com\/blog\/pt-pt\/forte-presenca-da-joma-no-europeu-de-atletismo-2022\/\",\"name\":\"Forte presen\u00e7a da Joma no Europeu de Atletismo 2022 - Joma World\",\"isPartOf\":{\"@id\":\"https:\/\/www.joma-sport.com\/blog\/pt-pt\/#website\"},\"datePublished\":\"2022-08-18T12:51:47+00:00\",\"dateModified\":\"2022-08-18T12:56:43+00:00\",\"author\":{\"@id\":\"https:\/\/www.joma-sport.com\/blog\/pt-pt\/#\/schema\/person\/28474f1efd78b4b9d5c640bf789ad90c\"},\"inLanguage\":\"pt-PT\",\"potentialAction\":[{\"@type\":\"ReadAction\",\"target\":[\"https:\/\/www.joma-sport.com\/blog\/pt-pt\/forte-presenca-da-joma-no-europeu-de-atletismo-2022\/\"]}]},{\"@type\":\"WebSite\",\"@id\":\"https:\/\/www.joma-sport.com\/blog\/pt-pt\/#website\",\"url\":\"https:\/\/www.joma-sport.com\/blog\/pt-pt\/\",\"name\":\"Joma World\",\"description\":\"Inside Joma\",\"potentialAction\":[{\"@type\":\"SearchAction\",\"target\":{\"@type\":\"EntryPoint\",\"urlTemplate\":\"https:\/\/www.joma-sport.com\/blog\/pt-pt\/?s={search_term_string}\"},\"query-input\":\"required name=search_term_string\"}],\"inLanguage\":\"pt-PT\"},{\"@type\":\"Person\",\"@id\":\"https:\/\/www.joma-sport.com\/blog\/pt-pt\/#\/schema\/person\/28474f1efd78b4b9d5c640bf789ad90c\",\"name\":\"Joma Sport\",\"image\":{\"@type\":\"ImageObject\",\"inLanguage\":\"pt-PT\",\"@id\":\"https:\/\/www.joma-sport.com\/blog\/pt-pt\/#\/schema\/person\/image\/\",\"url\":\"https:\/\/secure.gravatar.com\/avatar\/3736701ca3bb09f634d2e422dc10104a?s=96&d=mm&r=g\",\"contentUrl\":\"https:\/\/secure.gravatar.com\/avatar\/3736701ca3bb09f634d2e422dc10104a?s=96&d=mm&r=g\",\"caption\":\"Joma Sport\"},\"url\":\"https:\/\/www.joma-sport.com\/blog\/pt-pt\/author\/raquel\/\"}]}<\/script>\n<!-- \/ Yoast SEO plugin. -->","yoast_head_json":{"title":"Forte presen\u00e7a da Joma no Europeu de Atletismo 2022 - Joma World","robots":{"index":"index","follow":"follow","max-snippet":"max-snippet:-1","max-image-preview":"max-image-preview:large","max-video-preview":"max-video-preview:-1"},"canonical":"https:\/\/www.joma-sport.com\/blog\/pt-pt\/forte-presenca-da-joma-no-europeu-de-atletismo-2022\/","og_locale":"pt_PT","og_type":"article","og_title":"Forte presen\u00e7a da Joma no Europeu de Atletismo 2022 - Joma World","og_description":"A marca espanhola veste cinco federa\u00e7\u00f5es nacionais nos Campeonatos Europeus de Atletismo: Espanha, Eslov\u00e9nia, S\u00e9rvia, Irlanda e Rep\u00fablica Checa. Na [&hellip;]","og_url":"https:\/\/www.joma-sport.com\/blog\/pt-pt\/forte-presenca-da-joma-no-europeu-de-atletismo-2022\/","og_site_name":"Joma World","article_published_time":"2022-08-18T12:51:47+00:00","article_modified_time":"2022-08-18T12:56:43+00:00","og_image":[{"width":696,"height":518,"url":"https:\/\/www.joma-sport.com\/blog\/wp-content\/uploads\/2022\/08\/NOTICIA-WEB-5.jpg","type":"image\/jpeg"}],"author":"Joma Sport","twitter_card":"summary_large_image","twitter_misc":{"Escrito por":"Joma Sport","Tempo estimado de leitura":"2 minutos"},"schema":{"@context":"https:\/\/schema.org","@graph":[{"@type":"WebPage","@id":"https:\/\/www.joma-sport.com\/blog\/pt-pt\/forte-presenca-da-joma-no-europeu-de-atletismo-2022\/","url":"https:\/\/www.joma-sport.com\/blog\/pt-pt\/forte-presenca-da-joma-no-europeu-de-atletismo-2022\/","name":"Forte presen\u00e7a da Joma no Europeu de Atletismo 2022 - Joma World","isPartOf":{"@id":"https:\/\/www.joma-sport.com\/blog\/pt-pt\/#website"},"datePublished":"2022-08-18T12:51:47+00:00","dateModified":"2022-08-18T12:56:43+00:00","author":{"@id":"https:\/\/www.joma-sport.com\/blog\/pt-pt\/#\/schema\/person\/28474f1efd78b4b9d5c640bf789ad90c"},"inLanguage":"pt-PT","potentialAction":[{"@type":"ReadAction","target":["https:\/\/www.joma-sport.com\/blog\/pt-pt\/forte-presenca-da-joma-no-europeu-de-atletismo-2022\/"]}]},{"@type":"WebSite","@id":"https:\/\/www.joma-sport.com\/blog\/pt-pt\/#website","url":"https:\/\/www.joma-sport.com\/blog\/pt-pt\/","name":"Joma World","description":"Inside Joma","potentialAction":[{"@type":"SearchAction","target":{"@type":"EntryPoint","urlTemplate":"https:\/\/www.joma-sport.com\/blog\/pt-pt\/?s={search_term_string}"},"query-input":"required name=search_term_string"}],"inLanguage":"pt-PT"},{"@type":"Person","@id":"https:\/\/www.joma-sport.com\/blog\/pt-pt\/#\/schema\/person\/28474f1efd78b4b9d5c640bf789ad90c","name":"Joma Sport","image":{"@type":"ImageObject","inLanguage":"pt-PT","@id":"https:\/\/www.joma-sport.com\/blog\/pt-pt\/#\/schema\/person\/image\/","url":"https:\/\/secure.gravatar.com\/avatar\/3736701ca3bb09f634d2e422dc10104a?s=96&d=mm&r=g","contentUrl":"https:\/\/secure.gravatar.com\/avatar\/3736701ca3bb09f634d2e422dc10104a?s=96&d=mm&r=g","caption":"Joma Sport"},"url":"https:\/\/www.joma-sport.com\/blog\/pt-pt\/author\/raquel\/"}]}},"_links":{"self":[{"href":"https:\/\/www.joma-sport.com\/blog\/pt-pt\/wp-json\/wp\/v2\/posts\/60474"}],"collection":[{"href":"https:\/\/www.joma-sport.com\/blog\/pt-pt\/wp-json\/wp\/v2\/posts"}],"about":[{"href":"https:\/\/www.joma-sport.com\/blog\/pt-pt\/wp-json\/wp\/v2\/types\/post"}],"author":[{"embeddable":true,"href":"https:\/\/www.joma-sport.com\/blog\/pt-pt\/wp-json\/wp\/v2\/users\/4"}],"replies":[{"embeddable":true,"href":"https:\/\/www.joma-sport.com\/blog\/pt-pt\/wp-json\/wp\/v2\/comments?post=60474"}],"version-history":[{"count":3,"href":"https:\/\/www.joma-sport.com\/blog\/pt-pt\/wp-json\/wp\/v2\/posts\/60474\/revisions"}],"predecessor-version":[{"id":60528,"href":"https:\/\/www.joma-sport.com\/blog\/pt-pt\/wp-json\/wp\/v2\/posts\/60474\/revisions\/60528"}],"wp:featuredmedia":[{"embeddable":true,"href":"https:\/\/www.joma-sport.com\/blog\/pt-pt\/wp-json\/wp\/v2\/media\/59997"}],"wp:attachment":[{"href":"https:\/\/www.joma-sport.com\/blog\/pt-pt\/wp-json\/wp\/v2\/media?parent=60474"}],"wp:term":[{"taxonomy":"category","embeddable":true,"href":"https:\/\/www.joma-sport.com\/blog\/pt-pt\/wp-json\/wp\/v2\/categories?post=60474"},{"taxonomy":"post_tag","embeddable":true,"href":"https:\/\/www.joma-sport.com\/blog\/pt-pt\/wp-json\/wp\/v2\/tags?post=60474"}],"curies":[{"name":"wp","href":"https:\/\/api.w.org\/{rel}","templated":true}]}}