{"id":57884,"date":"2022-04-12T13:00:00","date_gmt":"2022-04-12T13:00:00","guid":{"rendered":"https:\/\/www.joma-sport.com\/blog\/o-villarreal-consegue-passar-para-as-meias-finais-da-liga-dos-campeoes-16-anos-depois\/"},"modified":"2023-08-16T14:58:24","modified_gmt":"2023-08-16T14:58:24","slug":"o-villarreal-consegue-passar-para-as-meias-finais-da-liga-dos-campeoes-16-anos-depois","status":"publish","type":"post","link":"https:\/\/www.joma-sport.com\/blog\/pt-pt\/o-villarreal-consegue-passar-para-as-meias-finais-da-liga-dos-campeoes-16-anos-depois\/","title":{"rendered":"O Villarreal consegue passar para as meias-finais da Liga dos Campe\u00f5es 16 anos depois"},"content":{"rendered":"<p>O Villarreal eliminou o Bayern de Munique ap\u00f3s um empate de 1 a 1. Este resultado faz com que a equipa do submarino amarelo passe \u00e0s meias-finais da Liga dos Campe\u00f5es ao fim de 16 anos de tentativas frustradas.<\/p>\n<p>A JomaTeam j\u00e1 tinha eliminado a Juventus nos oitavos de final e tinha obtido outra vit\u00f3ria anterior contra o Bayern de Munique em La Cer\u00e1mica. Com isto, voltou a conseguir uma classifica\u00e7\u00e3o hist\u00f3rica. O jogo foi muito renhido, mas no final conseguiu-se um empate na Alllianz Arena. O golo t\u00e3o esperado veio da m\u00e3o de Samu Chukwueze aos 88 minutos, que fez os homens de Unai Emery chegarem \u00e0s semifinais da Liga dos Campe\u00f5es ao fim de tanto tempo. Assim, impediram o Bayern de se impor pela for\u00e7a e de superar a sua abordagem ultradefensiva.<\/p>\n<p>Agora resta saber o que acontecer\u00e1 nas meias-finais. Est\u00e1 previsto que decorram entre o final de abril e o princ\u00edpio de maio. Aconte\u00e7a o que acontecer, parab\u00e9ns campe\u00f5es!<\/p>\n","protected":false},"excerpt":{"rendered":"<p>O Villarreal consegue passar para as meias-finais da Liga dos Campe\u00f5es 16 anos depois<\/p>\n","protected":false},"author":1,"featured_media":68090,"comment_status":"closed","ping_status":"closed","sticky":false,"template":"","format":"standard","meta":[],"categories":[],"tags":[220],"yoast_head":"<!-- This site is optimized with the Yoast SEO plugin v21.1 - https:\/\/yoast.com\/wordpress\/plugins\/seo\/ -->\n<title>O Villarreal consegue passar para as meias-finais da Liga dos Campe\u00f5es 16 anos depois - Joma World<\/title>\n<meta name=\"robots\" content=\"index, follow, max-snippet:-1, max-image-preview:large, max-video-preview:-1\" \/>\n<link rel=\"canonical\" href=\"https:\/\/www.joma-sport.com\/blog\/pt-pt\/o-villarreal-consegue-passar-para-as-meias-finais-da-liga-dos-campeoes-16-anos-depois\/\" \/>\n<meta property=\"og:locale\" content=\"pt_PT\" \/>\n<meta property=\"og:type\" content=\"article\" \/>\n<meta property=\"og:title\" content=\"O Villarreal consegue passar para as meias-finais da Liga dos Campe\u00f5es 16 anos depois - Joma World\" \/>\n<meta property=\"og:description\" content=\"O Villarreal consegue passar para as meias-finais da Liga dos Campe\u00f5es 16 anos depois\" \/>\n<meta property=\"og:url\" content=\"https:\/\/www.joma-sport.com\/blog\/pt-pt\/o-villarreal-consegue-passar-para-as-meias-finais-da-liga-dos-campeoes-16-anos-depois\/\" \/>\n<meta property=\"og:site_name\" content=\"Joma World\" \/>\n<meta property=\"article:published_time\" content=\"2022-04-12T13:00:00+00:00\" \/>\n<meta property=\"article:modified_time\" content=\"2023-08-16T14:58:24+00:00\" \/>\n<meta property=\"og:image\" content=\"https:\/\/www.joma-sport.com\/blog\/wp-content\/uploads\/2022\/04\/20220413_091644_noticia.jpg\" \/>\n\t<meta property=\"og:image:width\" content=\"696\" \/>\n\t<meta property=\"og:image:height\" content=\"518\" \/>\n\t<meta property=\"og:image:type\" content=\"image\/jpeg\" \/>\n<meta name=\"author\" content=\"JOMA\" \/>\n<meta name=\"twitter:card\" content=\"summary_large_image\" \/>\n<meta name=\"twitter:label1\" content=\"Escrito por\" \/>\n\t<meta name=\"twitter:data1\" content=\"JOMA\" \/>\n\t<meta name=\"twitter:label2\" content=\"Tempo estimado de leitura\" \/>\n\t<meta name=\"twitter:data2\" content=\"1 minuto\" \/>\n<script type=\"application\/ld+json\" class=\"yoast-schema-graph\">{\"@context\":\"https:\/\/schema.org\",\"@graph\":[{\"@type\":\"WebPage\",\"@id\":\"https:\/\/www.joma-sport.com\/blog\/pt-pt\/o-villarreal-consegue-passar-para-as-meias-finais-da-liga-dos-campeoes-16-anos-depois\/\",\"url\":\"https:\/\/www.joma-sport.com\/blog\/pt-pt\/o-villarreal-consegue-passar-para-as-meias-finais-da-liga-dos-campeoes-16-anos-depois\/\",\"name\":\"O Villarreal consegue passar para as meias-finais da Liga dos Campe\u00f5es 16 anos depois - Joma World\",\"isPartOf\":{\"@id\":\"https:\/\/www.joma-sport.com\/blog\/pt-pt\/#website\"},\"datePublished\":\"2022-04-12T13:00:00+00:00\",\"dateModified\":\"2023-08-16T14:58:24+00:00\",\"author\":{\"@id\":\"https:\/\/www.joma-sport.com\/blog\/pt-pt\/#\/schema\/person\/8467085eeea397781a9e5a5bd0211eab\"},\"inLanguage\":\"pt-PT\",\"potentialAction\":[{\"@type\":\"ReadAction\",\"target\":[\"https:\/\/www.joma-sport.com\/blog\/pt-pt\/o-villarreal-consegue-passar-para-as-meias-finais-da-liga-dos-campeoes-16-anos-depois\/\"]}]},{\"@type\":\"WebSite\",\"@id\":\"https:\/\/www.joma-sport.com\/blog\/pt-pt\/#website\",\"url\":\"https:\/\/www.joma-sport.com\/blog\/pt-pt\/\",\"name\":\"Joma World\",\"description\":\"Inside Joma\",\"potentialAction\":[{\"@type\":\"SearchAction\",\"target\":{\"@type\":\"EntryPoint\",\"urlTemplate\":\"https:\/\/www.joma-sport.com\/blog\/pt-pt\/?s={search_term_string}\"},\"query-input\":\"required name=search_term_string\"}],\"inLanguage\":\"pt-PT\"},{\"@type\":\"Person\",\"@id\":\"https:\/\/www.joma-sport.com\/blog\/pt-pt\/#\/schema\/person\/8467085eeea397781a9e5a5bd0211eab\",\"name\":\"JOMA\",\"image\":{\"@type\":\"ImageObject\",\"inLanguage\":\"pt-PT\",\"@id\":\"https:\/\/www.joma-sport.com\/blog\/pt-pt\/#\/schema\/person\/image\/\",\"url\":\"https:\/\/secure.gravatar.com\/avatar\/6e6444480edb84ebaf5afa2a3a5cea7e?s=96&d=mm&r=g\",\"contentUrl\":\"https:\/\/secure.gravatar.com\/avatar\/6e6444480edb84ebaf5afa2a3a5cea7e?s=96&d=mm&r=g\",\"caption\":\"JOMA\"},\"url\":\"https:\/\/www.joma-sport.com\/blog\/pt-pt\/author\/jomanews\/\"}]}<\/script>\n<!-- \/ Yoast SEO plugin. -->","yoast_head_json":{"title":"O Villarreal consegue passar para as meias-finais da Liga dos Campe\u00f5es 16 anos depois - Joma World","robots":{"index":"index","follow":"follow","max-snippet":"max-snippet:-1","max-image-preview":"max-image-preview:large","max-video-preview":"max-video-preview:-1"},"canonical":"https:\/\/www.joma-sport.com\/blog\/pt-pt\/o-villarreal-consegue-passar-para-as-meias-finais-da-liga-dos-campeoes-16-anos-depois\/","og_locale":"pt_PT","og_type":"article","og_title":"O Villarreal consegue passar para as meias-finais da Liga dos Campe\u00f5es 16 anos depois - Joma World","og_description":"O Villarreal consegue passar para as meias-finais da Liga dos Campe\u00f5es 16 anos depois","og_url":"https:\/\/www.joma-sport.com\/blog\/pt-pt\/o-villarreal-consegue-passar-para-as-meias-finais-da-liga-dos-campeoes-16-anos-depois\/","og_site_name":"Joma World","article_published_time":"2022-04-12T13:00:00+00:00","article_modified_time":"2023-08-16T14:58:24+00:00","og_image":[{"width":696,"height":518,"url":"https:\/\/www.joma-sport.com\/blog\/wp-content\/uploads\/2022\/04\/20220413_091644_noticia.jpg","type":"image\/jpeg"}],"author":"JOMA","twitter_card":"summary_large_image","twitter_misc":{"Escrito por":"JOMA","Tempo estimado de leitura":"1 minuto"},"schema":{"@context":"https:\/\/schema.org","@graph":[{"@type":"WebPage","@id":"https:\/\/www.joma-sport.com\/blog\/pt-pt\/o-villarreal-consegue-passar-para-as-meias-finais-da-liga-dos-campeoes-16-anos-depois\/","url":"https:\/\/www.joma-sport.com\/blog\/pt-pt\/o-villarreal-consegue-passar-para-as-meias-finais-da-liga-dos-campeoes-16-anos-depois\/","name":"O Villarreal consegue passar para as meias-finais da Liga dos Campe\u00f5es 16 anos depois - Joma World","isPartOf":{"@id":"https:\/\/www.joma-sport.com\/blog\/pt-pt\/#website"},"datePublished":"2022-04-12T13:00:00+00:00","dateModified":"2023-08-16T14:58:24+00:00","author":{"@id":"https:\/\/www.joma-sport.com\/blog\/pt-pt\/#\/schema\/person\/8467085eeea397781a9e5a5bd0211eab"},"inLanguage":"pt-PT","potentialAction":[{"@type":"ReadAction","target":["https:\/\/www.joma-sport.com\/blog\/pt-pt\/o-villarreal-consegue-passar-para-as-meias-finais-da-liga-dos-campeoes-16-anos-depois\/"]}]},{"@type":"WebSite","@id":"https:\/\/www.joma-sport.com\/blog\/pt-pt\/#website","url":"https:\/\/www.joma-sport.com\/blog\/pt-pt\/","name":"Joma World","description":"Inside Joma","potentialAction":[{"@type":"SearchAction","target":{"@type":"EntryPoint","urlTemplate":"https:\/\/www.joma-sport.com\/blog\/pt-pt\/?s={search_term_string}"},"query-input":"required name=search_term_string"}],"inLanguage":"pt-PT"},{"@type":"Person","@id":"https:\/\/www.joma-sport.com\/blog\/pt-pt\/#\/schema\/person\/8467085eeea397781a9e5a5bd0211eab","name":"JOMA","image":{"@type":"ImageObject","inLanguage":"pt-PT","@id":"https:\/\/www.joma-sport.com\/blog\/pt-pt\/#\/schema\/person\/image\/","url":"https:\/\/secure.gravatar.com\/avatar\/6e6444480edb84ebaf5afa2a3a5cea7e?s=96&d=mm&r=g","contentUrl":"https:\/\/secure.gravatar.com\/avatar\/6e6444480edb84ebaf5afa2a3a5cea7e?s=96&d=mm&r=g","caption":"JOMA"},"url":"https:\/\/www.joma-sport.com\/blog\/pt-pt\/author\/jomanews\/"}]}},"_links":{"self":[{"href":"https:\/\/www.joma-sport.com\/blog\/pt-pt\/wp-json\/wp\/v2\/posts\/57884"}],"collection":[{"href":"https:\/\/www.joma-sport.com\/blog\/pt-pt\/wp-json\/wp\/v2\/posts"}],"about":[{"href":"https:\/\/www.joma-sport.com\/blog\/pt-pt\/wp-json\/wp\/v2\/types\/post"}],"author":[{"embeddable":true,"href":"https:\/\/www.joma-sport.com\/blog\/pt-pt\/wp-json\/wp\/v2\/users\/1"}],"replies":[{"embeddable":true,"href":"https:\/\/www.joma-sport.com\/blog\/pt-pt\/wp-json\/wp\/v2\/comments?post=57884"}],"version-history":[{"count":1,"href":"https:\/\/www.joma-sport.com\/blog\/pt-pt\/wp-json\/wp\/v2\/posts\/57884\/revisions"}],"predecessor-version":[{"id":68252,"href":"https:\/\/www.joma-sport.com\/blog\/pt-pt\/wp-json\/wp\/v2\/posts\/57884\/revisions\/68252"}],"wp:featuredmedia":[{"embeddable":true,"href":"https:\/\/www.joma-sport.com\/blog\/pt-pt\/wp-json\/wp\/v2\/media\/68090"}],"wp:attachment":[{"href":"https:\/\/www.joma-sport.com\/blog\/pt-pt\/wp-json\/wp\/v2\/media?parent=57884"}],"wp:term":[{"taxonomy":"category","embeddable":true,"href":"https:\/\/www.joma-sport.com\/blog\/pt-pt\/wp-json\/wp\/v2\/categories?post=57884"},{"taxonomy":"post_tag","embeddable":true,"href":"https:\/\/www.joma-sport.com\/blog\/pt-pt\/wp-json\/wp\/v2\/tags?post=57884"}],"curies":[{"name":"wp","href":"https:\/\/api.w.org\/{rel}","templated":true}]}}