{"id":57062,"date":"2020-07-16T13:00:00","date_gmt":"2020-07-16T13:00:00","guid":{"rendered":"https:\/\/www.joma-sport.com\/blog\/le-villareal-cf-presente-le-nouveau-maillot-officiel-de-la-saison-2020-21\/"},"modified":"2020-07-16T13:00:00","modified_gmt":"2020-07-16T13:00:00","slug":"le-villareal-cf-presente-le-nouveau-maillot-officiel-de-la-saison-2020-21","status":"publish","type":"post","link":"https:\/\/www.joma-sport.com\/blog\/fr\/le-villareal-cf-presente-le-nouveau-maillot-officiel-de-la-saison-2020-21\/","title":{"rendered":"Le Villareal CF pr\u00e9sente le nouveau maillot officiel de la saison 2020\/21"},"content":{"rendered":"<p style=\"text-align: justify;\">Le Villareal CF a officiellement pr&eacute;sent&eacute; le nouveau maillot de la saison 2020\/21. La marque de sport JOMA, sponsor du club jaune, a design&eacute; 3 maillots, avec lesquels le Sous-marin concourra &agrave; nouveau dans la cat&eacute;gorie la plus &eacute;lev&eacute;e du football espagnol. La collection officielle JOMA pour la saison 2020\/21 sera disponible &agrave; partir du lundi 20 juillet dans les boutiques officielles ainsi que dans la boutique en ligne.<\/p>\n<p style=\"text-align: justify;\">Les joueurs du Villareal Gerard Moreno, Pau Torres, et Alberto Moreno et les footballeurs f&eacute;minins Salma Paralluelo et Cristina Diaz ont servi de mod&egrave;les pour pr&eacute;senter les v&ecirc;tements de jeu que le Sous-marin portera l&rsquo;ann&eacute;e prochaine. Le premier maillot sera enti&egrave;rement jaune, le second bleu marine, avec des d&eacute;tails jaunes, tandis que le troisi&egrave;me combine la couleur grenat avec le bleu turquoise.<\/p>\n<p style=\"text-align: justify;\">Caract&eacute;ristiques techniques<\/p>\n<p style=\"text-align: justify;\">Joma a cr&eacute;&eacute; un maillot qui conserve l&rsquo;identit&eacute; de Villareal CF en utilisant la couleur jaune comme couleur principale du premier maillot. La nouveaut&eacute; de couleur est sur le troisi&egrave;me maillot qui met en avant la combinaison de grenat et bleu turquoise.&nbsp; Le tissu polyester jacquard ray&eacute; d&eacute;marque la collection, avec le col et les manches doubl&eacute;es.<\/p>\n<p style=\"text-align: justify;\">Les maillots sont fabriqu&eacute;s en polyester, mati&egrave;re qui se caract&eacute;rise par sa qualit&eacute; et son &eacute;lasticit&eacute;, en plus d&rsquo;&ecirc;tre r&eacute;sistante et facile d&rsquo;entretien. Ce tissu r&eacute;gule la transpiration gr&acirc;ce &agrave; la finition DRY MX, qui donne un r&eacute;sultat de tissu de derni&egrave;re g&eacute;n&eacute;ration capable de contr&ocirc;ler l&rsquo;humidit&eacute; corporelle du joueur. Gr&acirc;ce &agrave; cette technologie, le corps reste sec et ne se refroidit pas trop rapidement apr&egrave;s l&rsquo;effort.<\/p>\n<p style=\"text-align: justify;\">Sur les zones o&ugrave; le joueur transpire le plus, le maillot est renforc&eacute; par le syst&egrave;me MICRO-MESH, une technologie qui favorise l&rsquo;&eacute;vaporation de la transpiration. Cela garde le corps au sec et augmente le confort.<\/p>\n","protected":false},"excerpt":{"rendered":"<p>Le Villareal CF pr\u00e9sente le nouveau maillot officiel de la saison 2020\/21<\/p>\n","protected":false},"author":1,"featured_media":29424,"comment_status":"closed","ping_status":"closed","sticky":false,"template":"","format":"standard","meta":[],"categories":[1],"tags":[177,184],"yoast_head":"<!-- This site is optimized with the Yoast SEO plugin v21.1 - https:\/\/yoast.com\/wordpress\/plugins\/seo\/ -->\n<title>Le Villareal CF pr\u00e9sente le nouveau maillot officiel de la saison 2020\/21 - Joma World<\/title>\n<meta name=\"robots\" content=\"index, follow, max-snippet:-1, max-image-preview:large, max-video-preview:-1\" \/>\n<link rel=\"canonical\" href=\"https:\/\/www.joma-sport.com\/blog\/fr\/le-villareal-cf-presente-le-nouveau-maillot-officiel-de-la-saison-2020-21\/\" \/>\n<meta property=\"og:locale\" content=\"fr_FR\" \/>\n<meta property=\"og:type\" content=\"article\" \/>\n<meta property=\"og:title\" content=\"Le Villareal CF pr\u00e9sente le nouveau maillot officiel de la saison 2020\/21 - Joma World\" \/>\n<meta property=\"og:description\" content=\"Le Villareal CF pr\u00e9sente le nouveau maillot officiel de la saison 2020\/21\" \/>\n<meta property=\"og:url\" content=\"https:\/\/www.joma-sport.com\/blog\/fr\/le-villareal-cf-presente-le-nouveau-maillot-officiel-de-la-saison-2020-21\/\" \/>\n<meta property=\"og:site_name\" content=\"Joma World\" \/>\n<meta property=\"article:published_time\" content=\"2020-07-16T13:00:00+00:00\" \/>\n<meta property=\"og:image\" content=\"https:\/\/www.joma-sport.com\/blog\/wp-content\/uploads\/2020\/07\/20200715_135221_banner-696x518-villareal.jpg\" \/>\n\t<meta property=\"og:image:width\" content=\"696\" \/>\n\t<meta property=\"og:image:height\" content=\"518\" \/>\n\t<meta property=\"og:image:type\" content=\"image\/jpeg\" \/>\n<meta name=\"author\" content=\"JOMA\" \/>\n<meta name=\"twitter:card\" content=\"summary_large_image\" \/>\n<meta name=\"twitter:label1\" content=\"\u00c9crit par\" \/>\n\t<meta name=\"twitter:data1\" content=\"JOMA\" \/>\n\t<meta name=\"twitter:label2\" content=\"Dur\u00e9e de lecture estim\u00e9e\" \/>\n\t<meta name=\"twitter:data2\" content=\"2 minutes\" \/>\n<script type=\"application\/ld+json\" class=\"yoast-schema-graph\">{\"@context\":\"https:\/\/schema.org\",\"@graph\":[{\"@type\":\"WebPage\",\"@id\":\"https:\/\/www.joma-sport.com\/blog\/fr\/le-villareal-cf-presente-le-nouveau-maillot-officiel-de-la-saison-2020-21\/\",\"url\":\"https:\/\/www.joma-sport.com\/blog\/fr\/le-villareal-cf-presente-le-nouveau-maillot-officiel-de-la-saison-2020-21\/\",\"name\":\"Le Villareal CF pr\u00e9sente le nouveau maillot officiel de la saison 2020\/21 - Joma World\",\"isPartOf\":{\"@id\":\"https:\/\/www.joma-sport.com\/blog\/fr\/#website\"},\"datePublished\":\"2020-07-16T13:00:00+00:00\",\"dateModified\":\"2020-07-16T13:00:00+00:00\",\"author\":{\"@id\":\"https:\/\/www.joma-sport.com\/blog\/fr\/#\/schema\/person\/8467085eeea397781a9e5a5bd0211eab\"},\"inLanguage\":\"fr-FR\",\"potentialAction\":[{\"@type\":\"ReadAction\",\"target\":[\"https:\/\/www.joma-sport.com\/blog\/fr\/le-villareal-cf-presente-le-nouveau-maillot-officiel-de-la-saison-2020-21\/\"]}]},{\"@type\":\"WebSite\",\"@id\":\"https:\/\/www.joma-sport.com\/blog\/fr\/#website\",\"url\":\"https:\/\/www.joma-sport.com\/blog\/fr\/\",\"name\":\"Joma World\",\"description\":\"Inside Joma\",\"potentialAction\":[{\"@type\":\"SearchAction\",\"target\":{\"@type\":\"EntryPoint\",\"urlTemplate\":\"https:\/\/www.joma-sport.com\/blog\/fr\/?s={search_term_string}\"},\"query-input\":\"required name=search_term_string\"}],\"inLanguage\":\"fr-FR\"},{\"@type\":\"Person\",\"@id\":\"https:\/\/www.joma-sport.com\/blog\/fr\/#\/schema\/person\/8467085eeea397781a9e5a5bd0211eab\",\"name\":\"JOMA\",\"image\":{\"@type\":\"ImageObject\",\"inLanguage\":\"fr-FR\",\"@id\":\"https:\/\/www.joma-sport.com\/blog\/fr\/#\/schema\/person\/image\/\",\"url\":\"https:\/\/secure.gravatar.com\/avatar\/6e6444480edb84ebaf5afa2a3a5cea7e?s=96&d=mm&r=g\",\"contentUrl\":\"https:\/\/secure.gravatar.com\/avatar\/6e6444480edb84ebaf5afa2a3a5cea7e?s=96&d=mm&r=g\",\"caption\":\"JOMA\"},\"url\":\"https:\/\/www.joma-sport.com\/blog\/fr\/author\/jomanews\/\"}]}<\/script>\n<!-- \/ Yoast SEO plugin. -->","yoast_head_json":{"title":"Le Villareal CF pr\u00e9sente le nouveau maillot officiel de la saison 2020\/21 - Joma World","robots":{"index":"index","follow":"follow","max-snippet":"max-snippet:-1","max-image-preview":"max-image-preview:large","max-video-preview":"max-video-preview:-1"},"canonical":"https:\/\/www.joma-sport.com\/blog\/fr\/le-villareal-cf-presente-le-nouveau-maillot-officiel-de-la-saison-2020-21\/","og_locale":"fr_FR","og_type":"article","og_title":"Le Villareal CF pr\u00e9sente le nouveau maillot officiel de la saison 2020\/21 - Joma World","og_description":"Le Villareal CF pr\u00e9sente le nouveau maillot officiel de la saison 2020\/21","og_url":"https:\/\/www.joma-sport.com\/blog\/fr\/le-villareal-cf-presente-le-nouveau-maillot-officiel-de-la-saison-2020-21\/","og_site_name":"Joma World","article_published_time":"2020-07-16T13:00:00+00:00","og_image":[{"width":696,"height":518,"url":"https:\/\/www.joma-sport.com\/blog\/wp-content\/uploads\/2020\/07\/20200715_135221_banner-696x518-villareal.jpg","type":"image\/jpeg"}],"author":"JOMA","twitter_card":"summary_large_image","twitter_misc":{"\u00c9crit par":"JOMA","Dur\u00e9e de lecture estim\u00e9e":"2 minutes"},"schema":{"@context":"https:\/\/schema.org","@graph":[{"@type":"WebPage","@id":"https:\/\/www.joma-sport.com\/blog\/fr\/le-villareal-cf-presente-le-nouveau-maillot-officiel-de-la-saison-2020-21\/","url":"https:\/\/www.joma-sport.com\/blog\/fr\/le-villareal-cf-presente-le-nouveau-maillot-officiel-de-la-saison-2020-21\/","name":"Le Villareal CF pr\u00e9sente le nouveau maillot officiel de la saison 2020\/21 - Joma World","isPartOf":{"@id":"https:\/\/www.joma-sport.com\/blog\/fr\/#website"},"datePublished":"2020-07-16T13:00:00+00:00","dateModified":"2020-07-16T13:00:00+00:00","author":{"@id":"https:\/\/www.joma-sport.com\/blog\/fr\/#\/schema\/person\/8467085eeea397781a9e5a5bd0211eab"},"inLanguage":"fr-FR","potentialAction":[{"@type":"ReadAction","target":["https:\/\/www.joma-sport.com\/blog\/fr\/le-villareal-cf-presente-le-nouveau-maillot-officiel-de-la-saison-2020-21\/"]}]},{"@type":"WebSite","@id":"https:\/\/www.joma-sport.com\/blog\/fr\/#website","url":"https:\/\/www.joma-sport.com\/blog\/fr\/","name":"Joma World","description":"Inside Joma","potentialAction":[{"@type":"SearchAction","target":{"@type":"EntryPoint","urlTemplate":"https:\/\/www.joma-sport.com\/blog\/fr\/?s={search_term_string}"},"query-input":"required name=search_term_string"}],"inLanguage":"fr-FR"},{"@type":"Person","@id":"https:\/\/www.joma-sport.com\/blog\/fr\/#\/schema\/person\/8467085eeea397781a9e5a5bd0211eab","name":"JOMA","image":{"@type":"ImageObject","inLanguage":"fr-FR","@id":"https:\/\/www.joma-sport.com\/blog\/fr\/#\/schema\/person\/image\/","url":"https:\/\/secure.gravatar.com\/avatar\/6e6444480edb84ebaf5afa2a3a5cea7e?s=96&d=mm&r=g","contentUrl":"https:\/\/secure.gravatar.com\/avatar\/6e6444480edb84ebaf5afa2a3a5cea7e?s=96&d=mm&r=g","caption":"JOMA"},"url":"https:\/\/www.joma-sport.com\/blog\/fr\/author\/jomanews\/"}]}},"_links":{"self":[{"href":"https:\/\/www.joma-sport.com\/blog\/fr\/wp-json\/wp\/v2\/posts\/57062"}],"collection":[{"href":"https:\/\/www.joma-sport.com\/blog\/fr\/wp-json\/wp\/v2\/posts"}],"about":[{"href":"https:\/\/www.joma-sport.com\/blog\/fr\/wp-json\/wp\/v2\/types\/post"}],"author":[{"embeddable":true,"href":"https:\/\/www.joma-sport.com\/blog\/fr\/wp-json\/wp\/v2\/users\/1"}],"replies":[{"embeddable":true,"href":"https:\/\/www.joma-sport.com\/blog\/fr\/wp-json\/wp\/v2\/comments?post=57062"}],"version-history":[{"count":0,"href":"https:\/\/www.joma-sport.com\/blog\/fr\/wp-json\/wp\/v2\/posts\/57062\/revisions"}],"wp:featuredmedia":[{"embeddable":true,"href":"https:\/\/www.joma-sport.com\/blog\/fr\/wp-json\/wp\/v2\/media\/29424"}],"wp:attachment":[{"href":"https:\/\/www.joma-sport.com\/blog\/fr\/wp-json\/wp\/v2\/media?parent=57062"}],"wp:term":[{"taxonomy":"category","embeddable":true,"href":"https:\/\/www.joma-sport.com\/blog\/fr\/wp-json\/wp\/v2\/categories?post=57062"},{"taxonomy":"post_tag","embeddable":true,"href":"https:\/\/www.joma-sport.com\/blog\/fr\/wp-json\/wp\/v2\/tags?post=57062"}],"curies":[{"name":"wp","href":"https:\/\/api.w.org\/{rel}","templated":true}]}}