{"id":81165,"date":"2024-11-20T11:09:35","date_gmt":"2024-11-20T11:09:35","guid":{"rendered":"https:\/\/www.joma-sport.com\/blog\/?p=81165"},"modified":"2024-11-20T11:09:35","modified_gmt":"2024-11-20T11:09:35","slug":"joma-ist-teil-eines-historischen-tages-im-tennis-das-abschied-von-rafa-nadal-im-davis-cup","status":"publish","type":"post","link":"https:\/\/www.joma-sport.com\/blog\/de\/joma-ist-teil-eines-historischen-tages-im-tennis-das-abschied-von-rafa-nadal-im-davis-cup\/","title":{"rendered":"Joma ist Teil eines historischen Tages im Tennis: das Abschied von Rafa Nadal im Davis Cup"},"content":{"rendered":"<h2>Gestern war ein komplizierter Tag f\u00fcr Tennisliebhaber, denn Rafael Nadal trat vom professionellen Tennis zur\u00fcck, indem er die Ausr\u00fcstung des spanischen Verbandes von Joma trug.<\/h2>\n<p style=\"text-align: justify;\">Die Tenniswelt erlebte gestern einen unvergesslichen Moment bei den Davis Cup-Finals in Malaga: <strong>der bewegende Abschied von Rafa Nadal<\/strong>, der seine legend\u00e4re Sportkarriere vor einem begeisterten Publikum und mit einem Applaus beendete, der f\u00fcr immer erklingen wird. Dort hatte Joma die Ehre, Teil dieses historischen Kapitels zu sein, da sie der <strong>offizielle Ausr\u00fcster der <a href=\"https:\/\/www.joma-sport.com\/de_DE\/offizielle-ausrustung\/ausschusse-und-verb%C3%A4nde\/k%C3%B6niglicher-spanischer-tennisverband\/\" target=\"_blank\" rel=\"noopener\">Real Federaci\u00f3n Espa\u00f1ola de Tenis (RFET)<\/a> war<\/strong>, dem Outfit, mit dem Nadal sich von den Courts zur\u00fcckzog.<\/p>\n<p style=\"text-align: justify;\"><strong>Das ikonische Logo &#8222;J&#8220; leuchtete auf dem roten und gelben Trikot des mallorquinischen Tennisspielers<\/strong>, ein Design, das das spanische Team bei zahlreichen sportlichen Erfolgen begleitet hat. Die spanische Marke, die seit 2016 mit der RFET zusammenarbeitet, hat mit diesem Moment ihre Position als <strong>f\u00fchrend im Spitzensport und ihr Engagement f\u00fcr Werte wie Anstrengung, Exzellenz und Ausdauer unterstrichen<\/strong>.<\/p>\n<p style=\"text-align: justify;\">F\u00fcr Joma ist es ein Privileg, Rafa bei seinem letzten Spiel begleitet zu haben und Teil der Geschichte des Welttennis auf einer der gro\u00dfen Sportb\u00fchnen zu sein. Die Verbindung von Joma zum <a href=\"https:\/\/www.joma-sport.com\/de_DE\/sport\/tennis\/\" target=\"_blank\" rel=\"noopener\">Tennis<\/a> hat sich im Laufe der Jahre verst\u00e4rkt, indem es relevante nationale Verb\u00e4nde wie den spanischen oder den italienischen gesponsert hat, der fr\u00fcheren Siegerin des Davis Cup, sowie zahlreiche nationale und internationale Tennisspieler.<\/p>\n","protected":false},"excerpt":{"rendered":"<p>Gestern war ein komplizierter Tag f\u00fcr Tennisliebhaber, denn Rafael Nadal trat vom professionellen Tennis zur\u00fcck, indem er die Ausr\u00fcstung des [&hellip;]<\/p>\n","protected":false},"author":1,"featured_media":81148,"comment_status":"closed","ping_status":"closed","sticky":false,"template":"","format":"standard","meta":[],"categories":[171],"tags":[197],"yoast_head":"<!-- This site is optimized with the Yoast SEO plugin v21.1 - https:\/\/yoast.com\/wordpress\/plugins\/seo\/ -->\n<title>Joma ist Teil eines historischen Tages im Tennis: das Abschied von Rafa Nadal im Davis Cup - Joma World<\/title>\n<meta name=\"robots\" content=\"index, follow, max-snippet:-1, max-image-preview:large, max-video-preview:-1\" \/>\n<link rel=\"canonical\" href=\"https:\/\/www.joma-sport.com\/blog\/de\/joma-ist-teil-eines-historischen-tages-im-tennis-das-abschied-von-rafa-nadal-im-davis-cup\/\" \/>\n<meta property=\"og:locale\" content=\"de_DE\" \/>\n<meta property=\"og:type\" content=\"article\" \/>\n<meta property=\"og:title\" content=\"Joma ist Teil eines historischen Tages im Tennis: das Abschied von Rafa Nadal im Davis Cup - Joma World\" \/>\n<meta property=\"og:description\" content=\"Gestern war ein komplizierter Tag f\u00fcr Tennisliebhaber, denn Rafael Nadal trat vom professionellen Tennis zur\u00fcck, indem er die Ausr\u00fcstung des [&hellip;]\" \/>\n<meta property=\"og:url\" content=\"https:\/\/www.joma-sport.com\/blog\/de\/joma-ist-teil-eines-historischen-tages-im-tennis-das-abschied-von-rafa-nadal-im-davis-cup\/\" \/>\n<meta property=\"og:site_name\" content=\"Joma World\" \/>\n<meta property=\"article:published_time\" content=\"2024-11-20T11:09:35+00:00\" \/>\n<meta property=\"og:image\" content=\"https:\/\/www.joma-sport.com\/blog\/wp-content\/uploads\/2024\/11\/noticia-retirada-nadal.jpg\" \/>\n\t<meta property=\"og:image:width\" content=\"696\" \/>\n\t<meta property=\"og:image:height\" content=\"518\" \/>\n\t<meta property=\"og:image:type\" content=\"image\/jpeg\" \/>\n<meta name=\"author\" content=\"JOMA\" \/>\n<meta name=\"twitter:card\" content=\"summary_large_image\" \/>\n<meta name=\"twitter:label1\" content=\"Verfasst von\" \/>\n\t<meta name=\"twitter:data1\" content=\"JOMA\" \/>\n\t<meta name=\"twitter:label2\" content=\"Gesch\u00e4tzte Lesezeit\" \/>\n\t<meta name=\"twitter:data2\" content=\"1\u00a0Minute\" \/>\n<script type=\"application\/ld+json\" class=\"yoast-schema-graph\">{\"@context\":\"https:\/\/schema.org\",\"@graph\":[{\"@type\":\"WebPage\",\"@id\":\"https:\/\/www.joma-sport.com\/blog\/de\/joma-ist-teil-eines-historischen-tages-im-tennis-das-abschied-von-rafa-nadal-im-davis-cup\/\",\"url\":\"https:\/\/www.joma-sport.com\/blog\/de\/joma-ist-teil-eines-historischen-tages-im-tennis-das-abschied-von-rafa-nadal-im-davis-cup\/\",\"name\":\"Joma ist Teil eines historischen Tages im Tennis: das Abschied von Rafa Nadal im Davis Cup - Joma World\",\"isPartOf\":{\"@id\":\"https:\/\/www.joma-sport.com\/blog\/de\/#website\"},\"datePublished\":\"2024-11-20T11:09:35+00:00\",\"dateModified\":\"2024-11-20T11:09:35+00:00\",\"author\":{\"@id\":\"https:\/\/www.joma-sport.com\/blog\/de\/#\/schema\/person\/8467085eeea397781a9e5a5bd0211eab\"},\"inLanguage\":\"de\",\"potentialAction\":[{\"@type\":\"ReadAction\",\"target\":[\"https:\/\/www.joma-sport.com\/blog\/de\/joma-ist-teil-eines-historischen-tages-im-tennis-das-abschied-von-rafa-nadal-im-davis-cup\/\"]}]},{\"@type\":\"WebSite\",\"@id\":\"https:\/\/www.joma-sport.com\/blog\/de\/#website\",\"url\":\"https:\/\/www.joma-sport.com\/blog\/de\/\",\"name\":\"Joma World\",\"description\":\"Inside Joma\",\"potentialAction\":[{\"@type\":\"SearchAction\",\"target\":{\"@type\":\"EntryPoint\",\"urlTemplate\":\"https:\/\/www.joma-sport.com\/blog\/de\/?s={search_term_string}\"},\"query-input\":\"required name=search_term_string\"}],\"inLanguage\":\"de\"},{\"@type\":\"Person\",\"@id\":\"https:\/\/www.joma-sport.com\/blog\/de\/#\/schema\/person\/8467085eeea397781a9e5a5bd0211eab\",\"name\":\"JOMA\",\"image\":{\"@type\":\"ImageObject\",\"inLanguage\":\"de\",\"@id\":\"https:\/\/www.joma-sport.com\/blog\/de\/#\/schema\/person\/image\/\",\"url\":\"https:\/\/secure.gravatar.com\/avatar\/6e6444480edb84ebaf5afa2a3a5cea7e?s=96&d=mm&r=g\",\"contentUrl\":\"https:\/\/secure.gravatar.com\/avatar\/6e6444480edb84ebaf5afa2a3a5cea7e?s=96&d=mm&r=g\",\"caption\":\"JOMA\"},\"url\":\"https:\/\/www.joma-sport.com\/blog\/de\/author\/jomanews\/\"}]}<\/script>\n<!-- \/ Yoast SEO plugin. -->","yoast_head_json":{"title":"Joma ist Teil eines historischen Tages im Tennis: das Abschied von Rafa Nadal im Davis Cup - Joma World","robots":{"index":"index","follow":"follow","max-snippet":"max-snippet:-1","max-image-preview":"max-image-preview:large","max-video-preview":"max-video-preview:-1"},"canonical":"https:\/\/www.joma-sport.com\/blog\/de\/joma-ist-teil-eines-historischen-tages-im-tennis-das-abschied-von-rafa-nadal-im-davis-cup\/","og_locale":"de_DE","og_type":"article","og_title":"Joma ist Teil eines historischen Tages im Tennis: das Abschied von Rafa Nadal im Davis Cup - Joma World","og_description":"Gestern war ein komplizierter Tag f\u00fcr Tennisliebhaber, denn Rafael Nadal trat vom professionellen Tennis zur\u00fcck, indem er die Ausr\u00fcstung des [&hellip;]","og_url":"https:\/\/www.joma-sport.com\/blog\/de\/joma-ist-teil-eines-historischen-tages-im-tennis-das-abschied-von-rafa-nadal-im-davis-cup\/","og_site_name":"Joma World","article_published_time":"2024-11-20T11:09:35+00:00","og_image":[{"width":696,"height":518,"url":"https:\/\/www.joma-sport.com\/blog\/wp-content\/uploads\/2024\/11\/noticia-retirada-nadal.jpg","type":"image\/jpeg"}],"author":"JOMA","twitter_card":"summary_large_image","twitter_misc":{"Verfasst von":"JOMA","Gesch\u00e4tzte Lesezeit":"1\u00a0Minute"},"schema":{"@context":"https:\/\/schema.org","@graph":[{"@type":"WebPage","@id":"https:\/\/www.joma-sport.com\/blog\/de\/joma-ist-teil-eines-historischen-tages-im-tennis-das-abschied-von-rafa-nadal-im-davis-cup\/","url":"https:\/\/www.joma-sport.com\/blog\/de\/joma-ist-teil-eines-historischen-tages-im-tennis-das-abschied-von-rafa-nadal-im-davis-cup\/","name":"Joma ist Teil eines historischen Tages im Tennis: das Abschied von Rafa Nadal im Davis Cup - Joma World","isPartOf":{"@id":"https:\/\/www.joma-sport.com\/blog\/de\/#website"},"datePublished":"2024-11-20T11:09:35+00:00","dateModified":"2024-11-20T11:09:35+00:00","author":{"@id":"https:\/\/www.joma-sport.com\/blog\/de\/#\/schema\/person\/8467085eeea397781a9e5a5bd0211eab"},"inLanguage":"de","potentialAction":[{"@type":"ReadAction","target":["https:\/\/www.joma-sport.com\/blog\/de\/joma-ist-teil-eines-historischen-tages-im-tennis-das-abschied-von-rafa-nadal-im-davis-cup\/"]}]},{"@type":"WebSite","@id":"https:\/\/www.joma-sport.com\/blog\/de\/#website","url":"https:\/\/www.joma-sport.com\/blog\/de\/","name":"Joma World","description":"Inside Joma","potentialAction":[{"@type":"SearchAction","target":{"@type":"EntryPoint","urlTemplate":"https:\/\/www.joma-sport.com\/blog\/de\/?s={search_term_string}"},"query-input":"required name=search_term_string"}],"inLanguage":"de"},{"@type":"Person","@id":"https:\/\/www.joma-sport.com\/blog\/de\/#\/schema\/person\/8467085eeea397781a9e5a5bd0211eab","name":"JOMA","image":{"@type":"ImageObject","inLanguage":"de","@id":"https:\/\/www.joma-sport.com\/blog\/de\/#\/schema\/person\/image\/","url":"https:\/\/secure.gravatar.com\/avatar\/6e6444480edb84ebaf5afa2a3a5cea7e?s=96&d=mm&r=g","contentUrl":"https:\/\/secure.gravatar.com\/avatar\/6e6444480edb84ebaf5afa2a3a5cea7e?s=96&d=mm&r=g","caption":"JOMA"},"url":"https:\/\/www.joma-sport.com\/blog\/de\/author\/jomanews\/"}]}},"_links":{"self":[{"href":"https:\/\/www.joma-sport.com\/blog\/de\/wp-json\/wp\/v2\/posts\/81165"}],"collection":[{"href":"https:\/\/www.joma-sport.com\/blog\/de\/wp-json\/wp\/v2\/posts"}],"about":[{"href":"https:\/\/www.joma-sport.com\/blog\/de\/wp-json\/wp\/v2\/types\/post"}],"author":[{"embeddable":true,"href":"https:\/\/www.joma-sport.com\/blog\/de\/wp-json\/wp\/v2\/users\/1"}],"replies":[{"embeddable":true,"href":"https:\/\/www.joma-sport.com\/blog\/de\/wp-json\/wp\/v2\/comments?post=81165"}],"version-history":[{"count":1,"href":"https:\/\/www.joma-sport.com\/blog\/de\/wp-json\/wp\/v2\/posts\/81165\/revisions"}],"predecessor-version":[{"id":81166,"href":"https:\/\/www.joma-sport.com\/blog\/de\/wp-json\/wp\/v2\/posts\/81165\/revisions\/81166"}],"wp:featuredmedia":[{"embeddable":true,"href":"https:\/\/www.joma-sport.com\/blog\/de\/wp-json\/wp\/v2\/media\/81148"}],"wp:attachment":[{"href":"https:\/\/www.joma-sport.com\/blog\/de\/wp-json\/wp\/v2\/media?parent=81165"}],"wp:term":[{"taxonomy":"category","embeddable":true,"href":"https:\/\/www.joma-sport.com\/blog\/de\/wp-json\/wp\/v2\/categories?post=81165"},{"taxonomy":"post_tag","embeddable":true,"href":"https:\/\/www.joma-sport.com\/blog\/de\/wp-json\/wp\/v2\/tags?post=81165"}],"curies":[{"name":"wp","href":"https:\/\/api.w.org\/{rel}","templated":true}]}}